{"id":7717,"date":"2013-11-10T12:06:41","date_gmt":"2013-11-10T11:06:41","guid":{"rendered":"http:\/\/www.manologarciaycia.com\/?p=7717"},"modified":"2013-11-10T12:10:05","modified_gmt":"2013-11-10T11:10:05","slug":"mg-en-onda-cero-mi-musica-tiene-mas-colorido-que-mi-pintura","status":"publish","type":"post","link":"https:\/\/www.manologarciaycia.com\/?p=7717","title":{"rendered":"MG: En Onda Cero &#8216;Mi m\u00fasica tiene m\u00e1s colorido que mi pintura&#8217;"},"content":{"rendered":"<p><img loading=\"lazy\" decoding=\"async\" src=\"http:\/\/www.manologarciaycia.com\/wp-content\/uploads\/2013\/11\/OC1.jpg\" alt=\"OC1\" width=\"644\" height=\"347\" class=\"aligncenter size-full wp-image-7718\" srcset=\"https:\/\/www.manologarciaycia.com\/wp-content\/uploads\/2013\/11\/OC1.jpg 644w, https:\/\/www.manologarciaycia.com\/wp-content\/uploads\/2013\/11\/OC1-300x161.jpg 300w\" sizes=\"auto, (max-width: 644px) 100vw, 644px\" \/><br \/>\nHablamos con el cantante Manolo Garc\u00eda que nos cuenta los detalles de la muestra que recoge una serie de pinturas y fotograf\u00edas realizadas por \u00e9l en el \u00faltimo a\u00f1o. Los beneficios de esta exposici\u00f3n llamada &#8216;Sub-realista&#8217; se destinar\u00e1n \u00edntegramente a tres entidades privadas con fines ben\u00e9ficos. Desde hoy y hasta el pr\u00f3ximo d\u00eda 20 se podr\u00e1 visitar la muestra en la Tach\u00e9 Gallery de Barcelona.<\/p>\n<div style=\"width:410px; height: 67px; margin:10px auto;\">\n\t<object classid=\"clsid:d27cdb6e-ae6d-11cf-96b8-444553540000\" codebase=\"http:\/\/fpdownload.macromedia.com\/pub\/shockwave\/cabs\/flash\/swflash.cab#version=9,0,0,0\" width=\"410\" height=\"47\" align=\"middle\"><param name=\"allowScriptAccess\" value=\"always\"\/><param name=\"movie\" value=\"http:\/\/www.ondacero.es\/static\/swf\/swf\/AUPlayer.swf\"\/><param name=\"quality\" value=\"high\"\/><param name=\"scale\" value=\"noscale\"\/><param name=\"bgcolor\" value=\"#ffffff\"\/><param name=\"allowFullScreen\" value=\"true\"\/><param name=\"FlashVars\" value=\"xml=http:\/\/www.ondacero.es\/audioxml\/1002815\/2013\/11\/09\/00012.xml\"\/><embed src=\"http:\/\/www.ondacero.es\/static\/swf\/swf\/AUPlayer.swf\" width=\"410\" height=\"47\" quality=\"high\" allowScriptAccess=\"always\" allowFullScreen=\"true\" type=\"application\/x-shockwave-flash\" pluginspage=\"http:\/\/www.macromedia.com\/go\/getflashplayer\" FlashVars=\"xml=http:\/\/www.ondacero.es\/audioxml\/1002815\/2013\/11\/09\/00012.xml\"\/><\/object><\/div>\n<p>Dale al play y espera que empiece a sonar. Fuente: Onda Cero &#8211; <a href='http:\/\/www.ondacero.es\/audios-online\/te-doy-mi-palabra\/manolo-garcia-musica-tiene-mas-colorido-que-pintura_2013110900012.html' target=_new>ENLACE<\/a><\/p>\n","protected":false},"excerpt":{"rendered":"<p>Hablamos con el cantante Manolo Garc\u00eda que nos cuenta los detalles de la muestra que recoge una serie de pinturas y fotograf\u00edas realizadas por \u00e9l en el \u00faltimo a\u00f1o. Los beneficios de esta exposici\u00f3n llamada &#8216;Sub-realista&#8217; se destinar\u00e1n \u00edntegramente a tres entidades privadas con fines ben\u00e9ficos. Desde hoy y hasta el pr\u00f3ximo d\u00eda 20 se<a class=\"moretag\" href=\"https:\/\/www.manologarciaycia.com\/?p=7717\" title=\"MG: En Onda Cero &#8216;Mi m\u00fasica tiene m\u00e1s colorido que mi pintura&#8217;\" target=\"_self\" rel=\"follow\"> <font face=arial size=2>[Leer m\u00e1s]<\/font> <\/a><\/p>\n","protected":false},"author":2,"featured_media":0,"comment_status":"closed","ping_status":"closed","sticky":false,"template":"","format":"standard","meta":{"footnotes":""},"categories":[1],"tags":[],"class_list":["post-7717","post","type-post","status-publish","format-standard","hentry","category-manolo-garcia"],"_links":{"self":[{"href":"https:\/\/www.manologarciaycia.com\/index.php?rest_route=\/wp\/v2\/posts\/7717","targetHints":{"allow":["GET"]}}],"collection":[{"href":"https:\/\/www.manologarciaycia.com\/index.php?rest_route=\/wp\/v2\/posts"}],"about":[{"href":"https:\/\/www.manologarciaycia.com\/index.php?rest_route=\/wp\/v2\/types\/post"}],"author":[{"embeddable":true,"href":"https:\/\/www.manologarciaycia.com\/index.php?rest_route=\/wp\/v2\/users\/2"}],"replies":[{"embeddable":true,"href":"https:\/\/www.manologarciaycia.com\/index.php?rest_route=%2Fwp%2Fv2%2Fcomments&post=7717"}],"version-history":[{"count":4,"href":"https:\/\/www.manologarciaycia.com\/index.php?rest_route=\/wp\/v2\/posts\/7717\/revisions"}],"predecessor-version":[{"id":7722,"href":"https:\/\/www.manologarciaycia.com\/index.php?rest_route=\/wp\/v2\/posts\/7717\/revisions\/7722"}],"wp:attachment":[{"href":"https:\/\/www.manologarciaycia.com\/index.php?rest_route=%2Fwp%2Fv2%2Fmedia&parent=7717"}],"wp:term":[{"taxonomy":"category","embeddable":true,"href":"https:\/\/www.manologarciaycia.com\/index.php?rest_route=%2Fwp%2Fv2%2Fcategories&post=7717"},{"taxonomy":"post_tag","embeddable":true,"href":"https:\/\/www.manologarciaycia.com\/index.php?rest_route=%2Fwp%2Fv2%2Ftags&post=7717"}],"curies":[{"name":"wp","href":"https:\/\/api.w.org\/{rel}","templated":true}]}}