{"id":767,"date":"2010-09-17T08:07:14","date_gmt":"2010-09-17T07:07:14","guid":{"rendered":"http:\/\/petaos.net\/?p=767"},"modified":"2010-09-17T09:43:39","modified_gmt":"2010-09-17T08:43:39","slug":"mg-entrevista-en-clarin-el-extranjero-manolo-garcia","status":"publish","type":"post","link":"https:\/\/www.manologarciaycia.com\/?p=767","title":{"rendered":"MG: Entrevista en Clar\u00edn; El extranjero: Manolo Garc\u00eda"},"content":{"rendered":"<p>Ex integrante de El \u00faltimo de la fila. Vino a la Argentina para promocionar su carrera solista. La historia de un m\u00fasico que se hizo bien de abajo y nunca mir\u00f3 atr\u00e1s.<\/p>\n<p>Manolo Garc\u00eda entra a la oficina de la discogr\u00e1fica con un libro sobre la Campa\u00f1a del Desierto bajo el brazo. \u00abLa historia del norte la conocemos de las pel\u00edculas, pero el exterminio que hicieron con los indios en el sur no lo conoce nadie\u00bb, dice y el detalle es su carta de presentaci\u00f3n. Cantautor espa\u00f1ol del `55, ex miembro de El \u00faltimo de la fila, grupo que dio entidad y sustento para su exitosa carrera solista que lleva ya m\u00e1s de doce a\u00f1os y 30 Discos de Platino. Antes, fue punk, tuvo un par de bandas que no tuvieron m\u00e1s \u00e9xito que el que da la experiencia de equivocarse y fracasar art\u00edsticamente. La vida premi\u00f3 su esfuerzo d\u00e1ndole un final feliz a su historia. Una carrera forjada en base de tenacidad que dan los sue\u00f1os valientes.<\/p>\n<p><a href=\"http:\/\/www.clarin.com\/espectaculos\/extranjero-Manolo-Garcia_0_336566521.html\" target=\"_blank\"><\/a><\/p>\n<p>\u00abMi historia con la m\u00fasica nace como una revelaci\u00f3n m\u00edstica a un ni\u00f1o. Cuando ten\u00eda doce a\u00f1os escuch\u00e9 Perro negro de Led Zeppelin y decid\u00ed que quer\u00eda ser m\u00fasico. Mis padres trabajaban en el campo de sol a sol por la comida, al sur de Barcelona, eran gente muy humilde. Mi madre a\u00fan no sabe escribir\u00bb, cuenta. Paso siguiente, abandon\u00f3 el colegio a los 14 a\u00f1os y comenz\u00f3 una traves\u00eda de m\u00faltiples trabajos que comenz\u00f3 como aprendiz de carpintero y sigui\u00f3 con cualquier cosa que le permitiera sostener su carrera art\u00edstica. Aprendi\u00f3 a tocar de o\u00eddo con temas de Creedence y los Rolling Stones, mientras se ganaba la vida dando shows en fiestas de casamientos y dem\u00e1s con un grupo de amigos.<\/p>\n<p>Lleg\u00f3 un d\u00eda que sinti\u00f3 que hab\u00eda cumplido su aprendizaje, y luego de hacer el servicio militar obligatorio -\u00abcosa que detest\u00e9\u00bb, comenta-, decidi\u00f3 formar su primer banda profesionalmente: con discos, shows y contrato. \u00abCantante y compositor busca banda\u00bb, public\u00f3 en el diario. Un uruguayo que hab\u00eda sido miembro de Los Mokers fue el primero en contactarlo, y luego un argentino, Sergio Makaroff, que los invit\u00f3 a sumarse a su proyecto. Fueron unos meses con \u00e9l, hasta que el deseo de la banda propia fue m\u00e1s fuerte y nacieron Los r\u00e1pidos. Para promover la banda, iban a EMI a empapelar la discogr\u00e1fica con carteles de su banda para que los ejecutivos conocieran el nombre. Funcion\u00f3 el truco y firmaron su primer contrato por cinco a\u00f1os. \u00abFue un fracaso estrepitoso, s\u00f3lo dur\u00f3 un a\u00f1o\u00bb, recuerda acerca de su primer banda de \u00abpunk rock y nueva ola\u00bb. Era el tiempo de los Clash y ellos no ten\u00edan una sola balada. En la discogr\u00e1fica quisieron ponerles un productor y un letrista y se acab\u00f3 el contrato.<\/p>\n<p>La independencia art\u00edstica no era negociable.<\/p>\n<p>A partir de entonces nacieron Los Burros. \u00abOtro estrepitoso fracaso seg\u00fan las compa\u00f1\u00edas de discos -recuerda-, hoy creo que form\u00f3 parte de un camino muy fruct\u00edfero que luego dio frutos. Yo ve\u00eda que nuestro repertorio, a pesar de ser duro, ten\u00eda mucho \u00e9xito en los shows en vivo\u00bb. Todo lo que recaudaban Los burros se reinvert\u00eda en equipos. Manolo en persona iba con su auto disquer\u00eda por disquer\u00eda pidiendo que le dejen poner sus discos en las bateas, radio por radio pidiendo notas, e insistiendo en las discogr\u00e1ficas para que los editen. \u00abMe pon\u00eda pesado, yo entend\u00eda que no pod\u00eda depender de los dem\u00e1s\u00bb. En Espa\u00f1a hab\u00eda acabado la dictadura y la cultura florec\u00eda. Eran los primeros ochenta y los presidentes com\u00edan con rockeros para dar se\u00f1ales de cambio.<\/p>\n<p>\u00abTambi\u00e9n nac\u00eda el neoliberalismo y aumentaba la competencia. Frente a mis dos primeros fracasos, me ofrecieron ser empleado de una discogr\u00e1fica para ganarme la vida mejor. Les dije que no, que la m\u00fasica era mi pasi\u00f3n y nadie me iba a impedir que tocara\u00bb, recuerda. Hizo bien en no abandonar el sue\u00f1o. El \u00e9xito estaba a la vuelta de la esquina. Nac\u00eda El \u00faltimo de la fila. El nombre era una broma acerca de su propia historia.<\/p>\n<p>\u00abCada noche es \u00fanica, es la \u00faltima\u00bb, era su lema. Hab\u00eda logrado la madurez art\u00edstica y al d\u00eda de salir la banda vendi\u00f3 20 mil copias. En el segundo disco 300 mil. Lo que cuesta vale y Manolo lo sabe. Tiene una humildad genuina a base de perseverancia y golpes. \u00abSoy un tipo muy agradecido. En un show puedo decir gracias unas cuarenta veces, pas\u00e9 a\u00f1os viendo por la cortina viendo cu\u00e1nta gente hab\u00eda\u00bb, dice.<\/p>\n<p>Tras quince a\u00f1os y siete discos El \u00faltimo de la fila termin\u00f3 por agotamiento del discurso y naci\u00f3 su carrera solista. Cost\u00f3, pero fue un \u00e9xito.<\/p>\n<p>Grab\u00f3 en Londres su primer disco, Arena en los bolsillos, y luego siguieron cinco m\u00e1s. Por primera vez era due\u00f1o exclusivo de su destino musical. \u00abNunca quise ser un esclavo del sistema, y hoy soy libre. Libre de pintar, de hacer mi m\u00fasica, el rock es liberaci\u00f3n. Me puedo equivocar, pero me produzco yo mismo. Lo importante es mi obra, no yo. Soy un tipo corriente abajo del escenario. Esto es lo que me gust\u00f3 desde ni\u00f1o. En mi camino solitario perd\u00ed iron\u00eda y busqu\u00e9 lirismo y poes\u00eda. Gan\u00e9 en amplitud musical explorando nuevos sonidos. Hoy por hoy, en esta b\u00fasqueda sigo\u00bb, cierra Manolo, el hombre de la voluntad inquebrantable.<\/p>\n<p>Fuente: Clarin.com &#8211; Pedro Irigoyen &#8211; <a href=\"http:\/\/www.clarin.com\/espectaculos\/extranjero-Manolo-Garcia_0_336566521.html\" target=\"_blank\">ENLACE<\/a><\/p>\n","protected":false},"excerpt":{"rendered":"<p>Ex integrante de El \u00faltimo de la fila. Vino a la Argentina para promocionar su carrera solista. La historia de un m\u00fasico que se hizo bien de abajo y nunca mir\u00f3 atr\u00e1s. Manolo Garc\u00eda entra a la oficina de la discogr\u00e1fica con un libro sobre la Campa\u00f1a del Desierto bajo el brazo. \u00abLa historia del<a class=\"moretag\" href=\"https:\/\/www.manologarciaycia.com\/?p=767\" title=\"MG: Entrevista en Clar\u00edn; El extranjero: Manolo Garc\u00eda\" target=\"_self\" rel=\"follow\"> <font face=arial size=2>[Leer m\u00e1s]<\/font> <\/a><\/p>\n","protected":false},"author":2,"featured_media":0,"comment_status":"closed","ping_status":"closed","sticky":false,"template":"","format":"standard","meta":{"footnotes":""},"categories":[1],"tags":[133],"class_list":["post-767","post","type-post","status-publish","format-standard","hentry","category-manolo-garcia","tag-manolo-garcia-entrevista-argentina-clarin"],"_links":{"self":[{"href":"https:\/\/www.manologarciaycia.com\/index.php?rest_route=\/wp\/v2\/posts\/767","targetHints":{"allow":["GET"]}}],"collection":[{"href":"https:\/\/www.manologarciaycia.com\/index.php?rest_route=\/wp\/v2\/posts"}],"about":[{"href":"https:\/\/www.manologarciaycia.com\/index.php?rest_route=\/wp\/v2\/types\/post"}],"author":[{"embeddable":true,"href":"https:\/\/www.manologarciaycia.com\/index.php?rest_route=\/wp\/v2\/users\/2"}],"replies":[{"embeddable":true,"href":"https:\/\/www.manologarciaycia.com\/index.php?rest_route=%2Fwp%2Fv2%2Fcomments&post=767"}],"version-history":[{"count":4,"href":"https:\/\/www.manologarciaycia.com\/index.php?rest_route=\/wp\/v2\/posts\/767\/revisions"}],"predecessor-version":[{"id":771,"href":"https:\/\/www.manologarciaycia.com\/index.php?rest_route=\/wp\/v2\/posts\/767\/revisions\/771"}],"wp:attachment":[{"href":"https:\/\/www.manologarciaycia.com\/index.php?rest_route=%2Fwp%2Fv2%2Fmedia&parent=767"}],"wp:term":[{"taxonomy":"category","embeddable":true,"href":"https:\/\/www.manologarciaycia.com\/index.php?rest_route=%2Fwp%2Fv2%2Fcategories&post=767"},{"taxonomy":"post_tag","embeddable":true,"href":"https:\/\/www.manologarciaycia.com\/index.php?rest_route=%2Fwp%2Fv2%2Ftags&post=767"}],"curies":[{"name":"wp","href":"https:\/\/api.w.org\/{rel}","templated":true}]}}