{"id":763,"date":"2010-09-16T18:49:09","date_gmt":"2010-09-16T17:49:09","guid":{"rendered":"http:\/\/petaos.net\/?p=763"},"modified":"2010-09-16T18:51:09","modified_gmt":"2010-09-16T17:51:09","slug":"mg-entrevista-en-radio-la-red-argentina","status":"publish","type":"post","link":"https:\/\/www.manologarciaycia.com\/?p=763","title":{"rendered":"MG: Entrevista en Radio La Red, Argentina"},"content":{"rendered":"<p>\u00abLe dediqu\u00e9 mi \u00faltimo disco a Andr\u00e9s Calamaro\u00bb . El cantautor espa\u00f1ol charl\u00f3 en nuestro programa y anticip\u00f3 que se presentar\u00e1 el 3 de Noviembre en La Trastienda. Escuch\u00e1 la entrevista en la web de Radio La Red:<\/p>\n<p><a href=\"http:\/\/www.radiolared.multimediosamerica.com.ar\/lacornisa\/audio\/1252\" target=\"_blank\">AUDIO<\/a><\/p>\n<p>Fuente: Aviso de FranG &#8211; Radio La Red &#8211; <a href=\"http:\/\/www.radiolared.multimediosamerica.com.ar\/lacornisa\/noticia\/1949\" target=\"_blank\">ENLACE<\/a><\/p>\n","protected":false},"excerpt":{"rendered":"<p>\u00abLe dediqu\u00e9 mi \u00faltimo disco a Andr\u00e9s Calamaro\u00bb . El cantautor espa\u00f1ol charl\u00f3 en nuestro programa y anticip\u00f3 que se presentar\u00e1 el 3 de Noviembre en La Trastienda. Escuch\u00e1 la entrevista en la web de Radio La Red: AUDIO Fuente: Aviso de FranG &#8211; Radio La Red &#8211; ENLACE<a class=\"moretag\" href=\"https:\/\/www.manologarciaycia.com\/?p=763\" title=\"MG: Entrevista en Radio La Red, Argentina\" target=\"_self\" rel=\"follow\"> <font face=arial size=2>[Leer m\u00e1s]<\/font> <\/a><\/p>\n","protected":false},"author":2,"featured_media":0,"comment_status":"closed","ping_status":"closed","sticky":false,"template":"","format":"standard","meta":{"footnotes":""},"categories":[1],"tags":[132],"class_list":["post-763","post","type-post","status-publish","format-standard","hentry","category-manolo-garcia","tag-manolo-garcia-argentina-entrevista-radio-red"],"_links":{"self":[{"href":"https:\/\/www.manologarciaycia.com\/index.php?rest_route=\/wp\/v2\/posts\/763","targetHints":{"allow":["GET"]}}],"collection":[{"href":"https:\/\/www.manologarciaycia.com\/index.php?rest_route=\/wp\/v2\/posts"}],"about":[{"href":"https:\/\/www.manologarciaycia.com\/index.php?rest_route=\/wp\/v2\/types\/post"}],"author":[{"embeddable":true,"href":"https:\/\/www.manologarciaycia.com\/index.php?rest_route=\/wp\/v2\/users\/2"}],"replies":[{"embeddable":true,"href":"https:\/\/www.manologarciaycia.com\/index.php?rest_route=%2Fwp%2Fv2%2Fcomments&post=763"}],"version-history":[{"count":3,"href":"https:\/\/www.manologarciaycia.com\/index.php?rest_route=\/wp\/v2\/posts\/763\/revisions"}],"predecessor-version":[{"id":766,"href":"https:\/\/www.manologarciaycia.com\/index.php?rest_route=\/wp\/v2\/posts\/763\/revisions\/766"}],"wp:attachment":[{"href":"https:\/\/www.manologarciaycia.com\/index.php?rest_route=%2Fwp%2Fv2%2Fmedia&parent=763"}],"wp:term":[{"taxonomy":"category","embeddable":true,"href":"https:\/\/www.manologarciaycia.com\/index.php?rest_route=%2Fwp%2Fv2%2Fcategories&post=763"},{"taxonomy":"post_tag","embeddable":true,"href":"https:\/\/www.manologarciaycia.com\/index.php?rest_route=%2Fwp%2Fv2%2Ftags&post=763"}],"curies":[{"name":"wp","href":"https:\/\/api.w.org\/{rel}","templated":true}]}}