{"id":76,"date":"2009-11-05T09:57:03","date_gmt":"2009-11-05T08:57:03","guid":{"rendered":"http:\/\/petaos.net\/?p=76"},"modified":"2009-11-06T16:22:02","modified_gmt":"2009-11-06T15:22:02","slug":"langa-en-concierto","status":"publish","type":"post","link":"https:\/\/www.manologarciaycia.com\/?p=76","title":{"rendered":"Langa en Concierto"},"content":{"rendered":"<p><img loading=\"lazy\" decoding=\"async\" class=\"alignleft\" title=\"Langa\" src=\"http:\/\/profile.ak.fbcdn.net\/object2\/1428\/22\/n135998553432_3246.jpg\" alt=\"\" width=\"200\" height=\"150\" \/><\/p>\n<p><strong>Lugar:<\/strong> Sala RITMO &amp; COMP\u00c1S<\/p>\n<p><strong>Hora: <\/strong>S\u00e1bado, 19 de diciembre de 2009 21:30<\/p>\n<p>Enlace al Evento en Facebook: <a href=\"http:\/\/www.facebook.com\/home.php?#\/event.php?eid=170822057370\" target=\"_blank\">enlace<\/a><\/p>\n<p>Enlace a la p\u00e1gina Facebook de <strong>Langa<\/strong>: <a href=\"http:\/\/www.facebook.com\/home.php?#\/event.php?eid=170822057370\" target=\"_blank\">enlace<\/a><\/p>\n","protected":false},"excerpt":{"rendered":"<p>Lugar: Sala RITMO &amp; COMP\u00c1S Hora: S\u00e1bado, 19 de diciembre de 2009 21:30 Enlace al Evento en Facebook: enlace Enlace a la p\u00e1gina Facebook de Langa: enlace<a class=\"moretag\" href=\"https:\/\/www.manologarciaycia.com\/?p=76\" title=\"Langa en Concierto\" target=\"_self\" rel=\"follow\"> <font face=arial size=2>[Leer m\u00e1s]<\/font> <\/a><\/p>\n","protected":false},"author":2,"featured_media":0,"comment_status":"closed","ping_status":"closed","sticky":false,"template":"","format":"standard","meta":{"footnotes":""},"categories":[23],"tags":[27],"class_list":["post-76","post","type-post","status-publish","format-standard","hentry","category-otros","tag-langa-ricardo-marin-concierto"],"_links":{"self":[{"href":"https:\/\/www.manologarciaycia.com\/index.php?rest_route=\/wp\/v2\/posts\/76","targetHints":{"allow":["GET"]}}],"collection":[{"href":"https:\/\/www.manologarciaycia.com\/index.php?rest_route=\/wp\/v2\/posts"}],"about":[{"href":"https:\/\/www.manologarciaycia.com\/index.php?rest_route=\/wp\/v2\/types\/post"}],"author":[{"embeddable":true,"href":"https:\/\/www.manologarciaycia.com\/index.php?rest_route=\/wp\/v2\/users\/2"}],"replies":[{"embeddable":true,"href":"https:\/\/www.manologarciaycia.com\/index.php?rest_route=%2Fwp%2Fv2%2Fcomments&post=76"}],"version-history":[{"count":3,"href":"https:\/\/www.manologarciaycia.com\/index.php?rest_route=\/wp\/v2\/posts\/76\/revisions"}],"predecessor-version":[{"id":98,"href":"https:\/\/www.manologarciaycia.com\/index.php?rest_route=\/wp\/v2\/posts\/76\/revisions\/98"}],"wp:attachment":[{"href":"https:\/\/www.manologarciaycia.com\/index.php?rest_route=%2Fwp%2Fv2%2Fmedia&parent=76"}],"wp:term":[{"taxonomy":"category","embeddable":true,"href":"https:\/\/www.manologarciaycia.com\/index.php?rest_route=%2Fwp%2Fv2%2Fcategories&post=76"},{"taxonomy":"post_tag","embeddable":true,"href":"https:\/\/www.manologarciaycia.com\/index.php?rest_route=%2Fwp%2Fv2%2Ftags&post=76"}],"curies":[{"name":"wp","href":"https:\/\/api.w.org\/{rel}","templated":true}]}}