{"id":7586,"date":"2013-10-29T09:55:45","date_gmt":"2013-10-29T08:55:45","guid":{"rendered":"http:\/\/www.manologarciaycia.com\/?p=7586"},"modified":"2013-10-29T09:55:45","modified_gmt":"2013-10-29T08:55:45","slug":"mg-el-punk-barcelones-bebio-mucho-de-lou-reed","status":"publish","type":"post","link":"https:\/\/www.manologarciaycia.com\/?p=7586","title":{"rendered":"MG: \u201cEl punk barcelon\u00e9s bebi\u00f3 mucho de Lou Reed\u00bb"},"content":{"rendered":"<p>Muchos han vendido m\u00e1s que Lou Reed, han compuesto m\u00e1s himnos generacionales e incluso han sido mucho m\u00e1s escuchados y seguidos a lo largo de los a\u00f1os. Sin embargo, muy pocos han ejercido una influencia cultural tan potente o han ensanchado las posibilidades po\u00e9ticas del punk y el rock \u2013ypor extensi\u00f3n, las m\u00fasicas populares\u2013 como el cofundador de la Velvet Underground. La Vanguardia ha recogido las impresiones sobre el impacto de su figura, su m\u00fasica y sus letras, el modo en que su incursi\u00f3n en el lado salvaje cambi\u00f3 lo que hac\u00edan y los invit\u00f3 a contemplarlo todo de un modo nuevo y distinto.<\/p>\n<p><strong>MANOLO GARC\u00cdA <\/strong>(cantautor): <em>\u201cEl punk barcelon\u00e9s bebi\u00f3 mucho de \u00e9l\u201d<\/em><\/p>\n<p>\u00abLa \u00e9poca en que explot\u00f3 el underground en los setenta, el tipo de m\u00fasica que escuch\u00e1bamos mis amigos y yo en el barrio eran discos como el Aqualung de Jethro Tull. Para nosotros, en un pa\u00eds en donde el dictador a\u00fan estaba vivo, escuchar una canci\u00f3n como Walk on the wild side fue una sorpresa muy grata. El rock que o\u00edamos entonces era dulz\u00f3n, domesticado. Lo vi realmente fant\u00e1stico en concierto en una Merc\u00e8, en frente de la Catedral, y me di cuenta de era un tipo salvaje incluso cuando estaba est\u00e1tico; tambi\u00e9n me gustaba todo el halo de ambig\u00fcedad. El punk barcelon\u00e9s bebi\u00f3 mucho de \u00e9l, incluidos nosotros, Los R\u00e1pidos, que \u00e9ramos semipunks.\u00bb<\/p>\n<p>Fuente: Edic. impresa La Vanguardia<\/p>\n","protected":false},"excerpt":{"rendered":"<p>Muchos han vendido m\u00e1s que Lou Reed, han compuesto m\u00e1s himnos generacionales e incluso han sido mucho m\u00e1s escuchados y seguidos a lo largo de los a\u00f1os. Sin embargo, muy pocos han ejercido una influencia cultural tan potente o han ensanchado las posibilidades po\u00e9ticas del punk y el rock \u2013ypor extensi\u00f3n, las m\u00fasicas populares\u2013 como<a class=\"moretag\" href=\"https:\/\/www.manologarciaycia.com\/?p=7586\" title=\"MG: \u201cEl punk barcelon\u00e9s bebi\u00f3 mucho de Lou Reed\u00bb\" target=\"_self\" rel=\"follow\"> <font face=arial size=2>[Leer m\u00e1s]<\/font> <\/a><\/p>\n","protected":false},"author":2,"featured_media":0,"comment_status":"closed","ping_status":"closed","sticky":false,"template":"","format":"standard","meta":{"footnotes":""},"categories":[1],"tags":[],"class_list":["post-7586","post","type-post","status-publish","format-standard","hentry","category-manolo-garcia"],"_links":{"self":[{"href":"https:\/\/www.manologarciaycia.com\/index.php?rest_route=\/wp\/v2\/posts\/7586","targetHints":{"allow":["GET"]}}],"collection":[{"href":"https:\/\/www.manologarciaycia.com\/index.php?rest_route=\/wp\/v2\/posts"}],"about":[{"href":"https:\/\/www.manologarciaycia.com\/index.php?rest_route=\/wp\/v2\/types\/post"}],"author":[{"embeddable":true,"href":"https:\/\/www.manologarciaycia.com\/index.php?rest_route=\/wp\/v2\/users\/2"}],"replies":[{"embeddable":true,"href":"https:\/\/www.manologarciaycia.com\/index.php?rest_route=%2Fwp%2Fv2%2Fcomments&post=7586"}],"version-history":[{"count":1,"href":"https:\/\/www.manologarciaycia.com\/index.php?rest_route=\/wp\/v2\/posts\/7586\/revisions"}],"predecessor-version":[{"id":7587,"href":"https:\/\/www.manologarciaycia.com\/index.php?rest_route=\/wp\/v2\/posts\/7586\/revisions\/7587"}],"wp:attachment":[{"href":"https:\/\/www.manologarciaycia.com\/index.php?rest_route=%2Fwp%2Fv2%2Fmedia&parent=7586"}],"wp:term":[{"taxonomy":"category","embeddable":true,"href":"https:\/\/www.manologarciaycia.com\/index.php?rest_route=%2Fwp%2Fv2%2Fcategories&post=7586"},{"taxonomy":"post_tag","embeddable":true,"href":"https:\/\/www.manologarciaycia.com\/index.php?rest_route=%2Fwp%2Fv2%2Ftags&post=7586"}],"curies":[{"name":"wp","href":"https:\/\/api.w.org\/{rel}","templated":true}]}}