{"id":757,"date":"2010-09-15T14:36:18","date_gmt":"2010-09-15T13:36:18","guid":{"rendered":"http:\/\/petaos.net\/?p=757"},"modified":"2010-09-15T14:36:18","modified_gmt":"2010-09-15T13:36:18","slug":"mg-posible-concierto-mexico-sin-confirmar","status":"publish","type":"post","link":"https:\/\/www.manologarciaycia.com\/?p=757","title":{"rendered":"MG: Posible concierto M\u00e9xico SIN CONFIRMAR"},"content":{"rendered":"<p>Seg\u00fan OCESA, la ex-voz de El \u00daltimo de la Fila se va con De Mares y Visiones a M\u00e9xico:<\/p>\n<p>Domingo 07 de noviembre, 19:30 horas &#8211; Teatro Metrop\u00f3litan, M\u00e9xico, D.F.<br \/>\nVenta al p\u00fablico en general: Septiembre 23<\/p>\n<p>SIN CONFIRMACI\u00d3N OFICIAL &#8211; POR LO QUE PODR\u00cdA NO TENER LUGAR O CAMBIAR.<\/p>\n<p>Fuente: Ocesa &#8211; <a href=\"http:\/\/www.ocesa.com.mx\/eventos\/conciertos\/manolo-garcia\/\" target=\"_blank\">ENLACE<\/a><\/p>\n","protected":false},"excerpt":{"rendered":"<p>Seg\u00fan OCESA, la ex-voz de El \u00daltimo de la Fila se va con De Mares y Visiones a M\u00e9xico: Domingo 07 de noviembre, 19:30 horas &#8211; Teatro Metrop\u00f3litan, M\u00e9xico, D.F. Venta al p\u00fablico en general: Septiembre 23 SIN CONFIRMACI\u00d3N OFICIAL &#8211; POR LO QUE PODR\u00cdA NO TENER LUGAR O CAMBIAR. Fuente: Ocesa &#8211; ENLACE<a class=\"moretag\" href=\"https:\/\/www.manologarciaycia.com\/?p=757\" title=\"MG: Posible concierto M\u00e9xico SIN CONFIRMAR\" target=\"_self\" rel=\"follow\"> <font face=arial size=2>[Leer m\u00e1s]<\/font> <\/a><\/p>\n","protected":false},"author":2,"featured_media":0,"comment_status":"closed","ping_status":"closed","sticky":false,"template":"","format":"standard","meta":{"footnotes":""},"categories":[1],"tags":[130],"class_list":["post-757","post","type-post","status-publish","format-standard","hentry","category-manolo-garcia","tag-manolo-garcia-concierto-mexico-mares-visiones"],"_links":{"self":[{"href":"https:\/\/www.manologarciaycia.com\/index.php?rest_route=\/wp\/v2\/posts\/757","targetHints":{"allow":["GET"]}}],"collection":[{"href":"https:\/\/www.manologarciaycia.com\/index.php?rest_route=\/wp\/v2\/posts"}],"about":[{"href":"https:\/\/www.manologarciaycia.com\/index.php?rest_route=\/wp\/v2\/types\/post"}],"author":[{"embeddable":true,"href":"https:\/\/www.manologarciaycia.com\/index.php?rest_route=\/wp\/v2\/users\/2"}],"replies":[{"embeddable":true,"href":"https:\/\/www.manologarciaycia.com\/index.php?rest_route=%2Fwp%2Fv2%2Fcomments&post=757"}],"version-history":[{"count":1,"href":"https:\/\/www.manologarciaycia.com\/index.php?rest_route=\/wp\/v2\/posts\/757\/revisions"}],"predecessor-version":[{"id":758,"href":"https:\/\/www.manologarciaycia.com\/index.php?rest_route=\/wp\/v2\/posts\/757\/revisions\/758"}],"wp:attachment":[{"href":"https:\/\/www.manologarciaycia.com\/index.php?rest_route=%2Fwp%2Fv2%2Fmedia&parent=757"}],"wp:term":[{"taxonomy":"category","embeddable":true,"href":"https:\/\/www.manologarciaycia.com\/index.php?rest_route=%2Fwp%2Fv2%2Fcategories&post=757"},{"taxonomy":"post_tag","embeddable":true,"href":"https:\/\/www.manologarciaycia.com\/index.php?rest_route=%2Fwp%2Fv2%2Ftags&post=757"}],"curies":[{"name":"wp","href":"https:\/\/api.w.org\/{rel}","templated":true}]}}