{"id":7498,"date":"2013-10-18T06:40:01","date_gmt":"2013-10-18T04:40:01","guid":{"rendered":"http:\/\/www.manologarciaycia.com\/?p=7498"},"modified":"2013-10-18T06:45:50","modified_gmt":"2013-10-18T04:45:50","slug":"mg-proxima-exposicion-en-barcelona","status":"publish","type":"post","link":"https:\/\/www.manologarciaycia.com\/?p=7498","title":{"rendered":"MG: Pr\u00f3xima exposici\u00f3n en Barcelona"},"content":{"rendered":"<p><img loading=\"lazy\" decoding=\"async\" class=\"size-full wp-image-7502 alignright\" alt=\"exposicion-manolo-garcia-en-barcelona\" src=\"http:\/\/www.manologarciaycia.com\/wp-content\/uploads\/2013\/10\/exposicion-manolo-garcia-en-barcelona.jpg\" width=\"300\" height=\"179\" \/><\/p>\n<p>Seg\u00fan nos informa N\u00faria (gracias) y tal y como parece que anuncian en Notikumi:\u00a0<a href=\"http:\/\/www.notikumi.com\/2013\/10\/31\/exposicion-manolo-garcia-en-barcelona\" target=\"_blank\">http:\/\/www.notikumi.com\/2013\/10\/31\/exposicion-manolo-garcia-en-barcelona<\/a> la pr\u00f3xima exposici\u00f3n de Manolo Garc\u00eda ser\u00e1 del <del><strong>31 de Octubre al 21 de Diciembre<\/strong><\/del> en <span style=\"text-decoration: underline;\">La Tach\u00e9 Gallery<\/span>: <a href=\"http:\/\/www.latachegallery.com\/\" target=\"_blank\">http:\/\/www.latachegallery.com\/<\/a><\/p>\n<p>ULTIMA ACTUALIZACION\u00a0Informan en la pagina Facebook de\u00a0<a href=\"https:\/\/www.facebook.com\/latachegallery?directed_target_id=0\" data-hovercard=\"\/ajax\/hovercard\/page.php?id=436837249673183&amp;extragetparams=%7B%22directed_target_id%22%3A0%7D\">La Tach\u00e9 Gallery<\/a>\u00abla inauguraci\u00f3n de la exposici\u00f3n de Manolo Garc\u00eda <strong>se retrasa hasta el 7 de Noviembre<\/strong>! M\u00e1s adelante confirmaremos el posible concierto en nuestra p\u00e1gina de Facebook.\u00bb\u00a0<a href=\"https:\/\/www.facebook.com\/latachegallery\" rel=\"nofollow\">https:\/\/www.facebook.com\/latachegallery<\/a><\/p>\n","protected":false},"excerpt":{"rendered":"<p>Seg\u00fan nos informa N\u00faria (gracias) y tal y como parece que anuncian en Notikumi:\u00a0http:\/\/www.notikumi.com\/2013\/10\/31\/exposicion-manolo-garcia-en-barcelona la pr\u00f3xima exposici\u00f3n de Manolo Garc\u00eda ser\u00e1 del 31 de Octubre al 21 de Diciembre en La Tach\u00e9 Gallery: http:\/\/www.latachegallery.com\/ ULTIMA ACTUALIZACION\u00a0Informan en la pagina Facebook de\u00a0La Tach\u00e9 Gallery\u00abla inauguraci\u00f3n de la exposici\u00f3n de Manolo Garc\u00eda se retrasa hasta el 7<a class=\"moretag\" href=\"https:\/\/www.manologarciaycia.com\/?p=7498\" title=\"MG: Pr\u00f3xima exposici\u00f3n en Barcelona\" target=\"_self\" rel=\"follow\"> <font face=arial size=2>[Leer m\u00e1s]<\/font> <\/a><\/p>\n","protected":false},"author":2,"featured_media":0,"comment_status":"closed","ping_status":"closed","sticky":false,"template":"","format":"standard","meta":{"footnotes":""},"categories":[1],"tags":[],"class_list":["post-7498","post","type-post","status-publish","format-standard","hentry","category-manolo-garcia"],"_links":{"self":[{"href":"https:\/\/www.manologarciaycia.com\/index.php?rest_route=\/wp\/v2\/posts\/7498","targetHints":{"allow":["GET"]}}],"collection":[{"href":"https:\/\/www.manologarciaycia.com\/index.php?rest_route=\/wp\/v2\/posts"}],"about":[{"href":"https:\/\/www.manologarciaycia.com\/index.php?rest_route=\/wp\/v2\/types\/post"}],"author":[{"embeddable":true,"href":"https:\/\/www.manologarciaycia.com\/index.php?rest_route=\/wp\/v2\/users\/2"}],"replies":[{"embeddable":true,"href":"https:\/\/www.manologarciaycia.com\/index.php?rest_route=%2Fwp%2Fv2%2Fcomments&post=7498"}],"version-history":[{"count":3,"href":"https:\/\/www.manologarciaycia.com\/index.php?rest_route=\/wp\/v2\/posts\/7498\/revisions"}],"predecessor-version":[{"id":7506,"href":"https:\/\/www.manologarciaycia.com\/index.php?rest_route=\/wp\/v2\/posts\/7498\/revisions\/7506"}],"wp:attachment":[{"href":"https:\/\/www.manologarciaycia.com\/index.php?rest_route=%2Fwp%2Fv2%2Fmedia&parent=7498"}],"wp:term":[{"taxonomy":"category","embeddable":true,"href":"https:\/\/www.manologarciaycia.com\/index.php?rest_route=%2Fwp%2Fv2%2Fcategories&post=7498"},{"taxonomy":"post_tag","embeddable":true,"href":"https:\/\/www.manologarciaycia.com\/index.php?rest_route=%2Fwp%2Fv2%2Ftags&post=7498"}],"curies":[{"name":"wp","href":"https:\/\/api.w.org\/{rel}","templated":true}]}}