{"id":7492,"date":"1995-08-31T10:32:56","date_gmt":"1995-08-31T08:32:56","guid":{"rendered":"http:\/\/www.manologarciaycia.com\/?p=7492"},"modified":"2013-10-15T10:43:20","modified_gmt":"2013-10-15T08:43:20","slug":"eudlf-el-ultimo-de-la-fila-prueba-en-reus-la-buena-salud-de-la-rebelion-de-los-hombres-rana","status":"publish","type":"post","link":"https:\/\/www.manologarciaycia.com\/?p=7492","title":{"rendered":"EUDLF: El Ultimo de la Fila prueba en Reus la buena salud de \u00abLa rebeli\u00f3n de los hombres rana\u00bb"},"content":{"rendered":"<p>Quimi Portet y Manolo Garc\u00eda reivindican la idea de ser \u00fanicamente \u00abun grupo que se dedica a la m\u00fasica ligera\u00bb<\/p>\n<p><img loading=\"lazy\" decoding=\"async\" src=\"http:\/\/www.manologarciaycia.com\/wp-content\/uploads\/2013\/10\/EUDLF_19950831_Reus_Vanguardia.png\" alt=\"EUDLF_19950831_Reus_Vanguardia\" width=\"499\" height=\"345\" class=\"aligncenter size-full wp-image-7495\" srcset=\"https:\/\/www.manologarciaycia.com\/wp-content\/uploads\/2013\/10\/EUDLF_19950831_Reus_Vanguardia.png 499w, https:\/\/www.manologarciaycia.com\/wp-content\/uploads\/2013\/10\/EUDLF_19950831_Reus_Vanguardia-300x207.png 300w\" sizes=\"auto, (max-width: 499px) 100vw, 499px\" \/> Quimi Portet y Manolo Garc\u00eda han estado preparando en Taradell la gira de presentaci\u00f3n de su nuevo disco &#8211; Alex Garcia<\/p>\n<p>Dos a\u00f1os y medio despu\u00e9s de la publicaci\u00f3n \u00abAstronom\u00eda razonable\u00bb, el disco que le encumbr\u00f3 en las cimas de la aceptaci\u00f3n popular con 700.000 copias vendidas, El \u00daltimo de la Fila rompe el silencio este viernes en el Pavell\u00f3 Ol\u00edmpic Municipal de Reus, donde inicia la gira de presentaci\u00f3n de su nueva obra, \u00abLa rebeli\u00f3n de los hombres rana\u00bb (Chrysalis \/ Perro Records).<\/p>\n<p> noticia \/ entrevista completa.<\/p>\n<p>\u00abLa rebeli\u00f3n de los hombres rana\u00bb es, aparentemente, el resultado de un meditado proceso creativo. Por una parte, el punto final a un periodo sab\u00e1tico despu\u00e9s de la fren\u00e9tica actividad motivada por el lanzamiento de \u00abAstronom\u00eda razonable\u00bb. \u00abA m\u00ed, personalmente, -cuenta Manolo Garc\u00eda-, me encanta ir de gira pero tenemos que reconocer que despu\u00e9s de 99 conciertos el cuerpo ya no aguantaba mucho m\u00e1s.\u00bb Y, por el otro, un cierto regreso a par\u00e1metros profesionales empapados de sencillez. A diferencia de la exuberancia en la producci\u00f3n de \u00abAstronom\u00eda&#8230;\u00bb -grabado en los estudios Real World de Peter Gabriel-, el \u00f1amante disco del d\u00fao catal\u00e1n (Manolo, de Poblenou; Quimi, de Vic) ha sido registrado en una mas\u00eda estudio de la Catalu\u00f1a profunda bajo la responsabilidad musical del propio Quimi Portet.<\/p>\n<p>La esperada nueva obra del grupo se pone a la venta el pr\u00f3ximo lunes d\u00eda 4, y se compone de once temas, elaborados de una manera democr\u00e1tica. La tarea compositiva les ha llevado a no descansar durante todo lo que llevamos de este a\u00f1o, y en la parte final han participado los m\u00fasicos que tambi\u00e9n har\u00e1n acto de presencia en el concierto inaugural de ma\u00f1ana por la noche, as\u00ed como en el resto de esta gira invernal: Antonio Fidel (bajo), Juan Carlos Garc\u00eda (bater\u00eda), Nacho Lesko (teclados), Pedro Javier Gonz\u00e1lez (guitarra espa\u00f1ola) y Josep Llu\u00eds P\u00e9rez (guitarra el\u00e9ctrica).<\/p>\n<p><strong>El d\u00fao presenta su nuevo disco, que ofrecer\u00e1 en dos conciertos en Barcelona, despu\u00e9s del \u00e9xito de \u00abAstronom\u00eda razonable\u00bb.<\/strong><\/p>\n<p>Despu\u00e9s de esta presentaci\u00f3n en Reus, el d\u00fao tiene como puntos de inflexi\u00f3n sus apariciones en las plazas de toros Monumental, de Barcelona (13 de septiembre), y Las Ventas, de Madrid (20 de septiembre). En ambos casos, el billetaje est\u00e1 agotado desde hace semanas. A partir de mediados de octubre, la gira de El Ultimo de la Fila pasar\u00e1 a cobijarseen recintos cubiertos, y, tras un periodo de relax, iniciar\u00e1n la inevitable gira de verano, con la vista puesta, en palabras de Quimi Portet, \u00aben dar a conocer un disco con el que no partimos con la idea de que tenemos que vender tanto como con &#8216;Astronom\u00eda razonable'\u00bb. La libertad de acci\u00f3n es una de las leyes m\u00e1ximas que rigen el funcionamiento del d\u00fao. Incluso, asimilan y reconocen que musicalmente su nueva obra \u00abpuede sonar en un primer momento como algo dif\u00edcil, complicado, raro; pero eso no nos preocupa necesariamente, porque ya estamos acostumbrados a que la gente nos diga tras una primera o\u00edda que nuestros discos son muy raros\u00bb, advierte Manolo Garc\u00eda.<\/p>\n<p>Quimi Portet, indagando en las peculiaridades sonoras del disco \u00abLa rebeli\u00f3n de los hombres rana\u00bb, razona que \u00abno hay grandes sorpresas, sino m\u00e1s bien es el punto final de un trabajo muy concienzudo, laborioso y en donde, por ejemplo, hay una presencia m\u00e1s notable de todo lo que son teclados electr\u00f3nicos. No es sin\u00f3nimo de que nos hayamos hecho m\u00e1s serios o maduros, pero es que tampoco hemos sido nunca un grupo guitarrero o una banda proclive a letras profundas. Sencillamente, nos dedicamos a componer e interpretar canciones de m\u00fasica ligera\u00bb.<\/p>\n<p>Fuente: La Vanguardia &#8211; <a href='http:\/\/hemeroteca-paginas.lavanguardia.com\/LVE01\/PUB\/1995\/08\/31\/LVG19950831-028.pdf' target=_new>ENLACE<\/a><\/p>\n","protected":false},"excerpt":{"rendered":"<p>Quimi Portet y Manolo Garc\u00eda reivindican la idea de ser \u00fanicamente \u00abun grupo que se dedica a la m\u00fasica ligera\u00bb Quimi Portet y Manolo Garc\u00eda han estado preparando en Taradell la gira de presentaci\u00f3n de su nuevo disco &#8211; Alex Garcia Dos a\u00f1os y medio despu\u00e9s de la publicaci\u00f3n \u00abAstronom\u00eda razonable\u00bb, el disco que le<a class=\"moretag\" href=\"https:\/\/www.manologarciaycia.com\/?p=7492\" title=\"EUDLF: El Ultimo de la Fila prueba en Reus la buena salud de \u00abLa rebeli\u00f3n de los hombres rana\u00bb\" target=\"_self\" rel=\"follow\"> <font face=arial size=2>[Leer m\u00e1s]<\/font> <\/a><\/p>\n","protected":false},"author":2,"featured_media":0,"comment_status":"closed","ping_status":"closed","sticky":false,"template":"","format":"standard","meta":{"footnotes":""},"categories":[3,1,9],"tags":[],"class_list":["post-7492","post","type-post","status-publish","format-standard","hentry","category-el-ultimo-de-la-fila","category-manolo-garcia","category-qumi-portet"],"_links":{"self":[{"href":"https:\/\/www.manologarciaycia.com\/index.php?rest_route=\/wp\/v2\/posts\/7492","targetHints":{"allow":["GET"]}}],"collection":[{"href":"https:\/\/www.manologarciaycia.com\/index.php?rest_route=\/wp\/v2\/posts"}],"about":[{"href":"https:\/\/www.manologarciaycia.com\/index.php?rest_route=\/wp\/v2\/types\/post"}],"author":[{"embeddable":true,"href":"https:\/\/www.manologarciaycia.com\/index.php?rest_route=\/wp\/v2\/users\/2"}],"replies":[{"embeddable":true,"href":"https:\/\/www.manologarciaycia.com\/index.php?rest_route=%2Fwp%2Fv2%2Fcomments&post=7492"}],"version-history":[{"count":2,"href":"https:\/\/www.manologarciaycia.com\/index.php?rest_route=\/wp\/v2\/posts\/7492\/revisions"}],"predecessor-version":[{"id":7497,"href":"https:\/\/www.manologarciaycia.com\/index.php?rest_route=\/wp\/v2\/posts\/7492\/revisions\/7497"}],"wp:attachment":[{"href":"https:\/\/www.manologarciaycia.com\/index.php?rest_route=%2Fwp%2Fv2%2Fmedia&parent=7492"}],"wp:term":[{"taxonomy":"category","embeddable":true,"href":"https:\/\/www.manologarciaycia.com\/index.php?rest_route=%2Fwp%2Fv2%2Fcategories&post=7492"},{"taxonomy":"post_tag","embeddable":true,"href":"https:\/\/www.manologarciaycia.com\/index.php?rest_route=%2Fwp%2Fv2%2Ftags&post=7492"}],"curies":[{"name":"wp","href":"https:\/\/api.w.org\/{rel}","templated":true}]}}