{"id":7431,"date":"2013-10-07T13:02:58","date_gmt":"2013-10-07T11:02:58","guid":{"rendered":"http:\/\/www.manologarciaycia.com\/?p=7431"},"modified":"2013-10-08T10:00:18","modified_gmt":"2013-10-08T08:00:18","slug":"maine-coon-video-promo-gala-taza-solidaria","status":"publish","type":"post","link":"https:\/\/www.manologarciaycia.com\/?p=7431","title":{"rendered":"Otros: Promo Gala Taza Solidaria"},"content":{"rendered":"<p><center><iframe loading=\"lazy\" width=\"420\" height=\"315\" src=\"\/\/www.youtube.com\/embed\/hKXyg6GKAmI\" frameborder=\"0\" allowfullscreen><\/iframe><\/p>\n<p>Video promocional de la Gala Presentaci\u00f3n de La Taza Solidaria el 9 de Octubre en la Sala Luz De Gas de Barcelona, con Maine Coon<\/center><\/p>\n<p>Nueva noticia: <b>Manolo Garc\u00eda<\/b> participa tambi\u00e9n con la Gala La Taza Solidaria, cediendo un CD dedicado que se sortear\u00e1 durante la gala. Fuente: Facebook de la Gala la Taza Solidaria, <a href='https:\/\/www.facebook.com\/LaTazaSolidaria?directed_target_id=0' target=_new>ENLACE<\/><\/p>\n","protected":false},"excerpt":{"rendered":"<p>Video promocional de la Gala Presentaci\u00f3n de La Taza Solidaria el 9 de Octubre en la Sala Luz De Gas de Barcelona, con Maine Coon Nueva noticia: Manolo Garc\u00eda participa tambi\u00e9n con la Gala La Taza Solidaria, cediendo un CD dedicado que se sortear\u00e1 durante la gala. Fuente: Facebook de la Gala la Taza Solidaria,<a class=\"moretag\" href=\"https:\/\/www.manologarciaycia.com\/?p=7431\" title=\"Otros: Promo Gala Taza Solidaria\" target=\"_self\" rel=\"follow\"> <font face=arial size=2>[Leer m\u00e1s]<\/font> <\/a><\/p>\n","protected":false},"author":2,"featured_media":0,"comment_status":"closed","ping_status":"closed","sticky":false,"template":"","format":"standard","meta":{"footnotes":""},"categories":[24,1],"tags":[],"class_list":["post-7431","post","type-post","status-publish","format-standard","hentry","category-carmen-garcia","category-manolo-garcia"],"_links":{"self":[{"href":"https:\/\/www.manologarciaycia.com\/index.php?rest_route=\/wp\/v2\/posts\/7431","targetHints":{"allow":["GET"]}}],"collection":[{"href":"https:\/\/www.manologarciaycia.com\/index.php?rest_route=\/wp\/v2\/posts"}],"about":[{"href":"https:\/\/www.manologarciaycia.com\/index.php?rest_route=\/wp\/v2\/types\/post"}],"author":[{"embeddable":true,"href":"https:\/\/www.manologarciaycia.com\/index.php?rest_route=\/wp\/v2\/users\/2"}],"replies":[{"embeddable":true,"href":"https:\/\/www.manologarciaycia.com\/index.php?rest_route=%2Fwp%2Fv2%2Fcomments&post=7431"}],"version-history":[{"count":3,"href":"https:\/\/www.manologarciaycia.com\/index.php?rest_route=\/wp\/v2\/posts\/7431\/revisions"}],"predecessor-version":[{"id":7440,"href":"https:\/\/www.manologarciaycia.com\/index.php?rest_route=\/wp\/v2\/posts\/7431\/revisions\/7440"}],"wp:attachment":[{"href":"https:\/\/www.manologarciaycia.com\/index.php?rest_route=%2Fwp%2Fv2%2Fmedia&parent=7431"}],"wp:term":[{"taxonomy":"category","embeddable":true,"href":"https:\/\/www.manologarciaycia.com\/index.php?rest_route=%2Fwp%2Fv2%2Fcategories&post=7431"},{"taxonomy":"post_tag","embeddable":true,"href":"https:\/\/www.manologarciaycia.com\/index.php?rest_route=%2Fwp%2Fv2%2Ftags&post=7431"}],"curies":[{"name":"wp","href":"https:\/\/api.w.org\/{rel}","templated":true}]}}