{"id":743,"date":"2010-09-14T07:36:35","date_gmt":"2010-09-14T06:36:35","guid":{"rendered":"http:\/\/petaos.net\/?p=743"},"modified":"2010-09-14T15:52:16","modified_gmt":"2010-09-14T14:52:16","slug":"mg-primer-concierto-argentina-31010","status":"publish","type":"post","link":"https:\/\/www.manologarciaycia.com\/?p=743","title":{"rendered":"MG: Primer concierto Argentina 3\/11\/10"},"content":{"rendered":"<div>\n<div>Tal y como adelantamos el s\u00e1bado, ya se ha publicado de manera oficial la primera fecha de concierto en Argentina:<\/div>\n<div style=\"text-align: center;\"><strong>03\/11\/10 &#8211; Buenos Aires &#8211; La Trastienda Club<br \/>\n<\/strong><\/div>\n<div style=\"text-align: center;\"><strong>Entradas ya a la venta en Ticketek Argentina (<a href=\"http:\/\/www.ticketek.com.ar\/\">ticketek.com.ar<\/a>)<\/strong><\/div>\n<div style=\"text-align: center;\"><strong><br \/>\n<\/strong><\/div>\n<\/div>\n<div>Por cierto ayer ya anunciamos el mismo s\u00e1bado que las entradas de pie est\u00e1n agotadas (se pusieron a la venta el viernes o s\u00e1bado creo).<\/div>\n<div>Fuente: Pagina &#8216;oficial&#8217; de Sony BMG de Manolo Garc\u00eda.<\/div>\n<div><\/div>\n","protected":false},"excerpt":{"rendered":"<p>Tal y como adelantamos el s\u00e1bado, ya se ha publicado de manera oficial la primera fecha de concierto en Argentina: 03\/11\/10 &#8211; Buenos Aires &#8211; La Trastienda Club Entradas ya a la venta en Ticketek Argentina (ticketek.com.ar) Por cierto ayer ya anunciamos el mismo s\u00e1bado que las entradas de pie est\u00e1n agotadas (se pusieron a<a class=\"moretag\" href=\"https:\/\/www.manologarciaycia.com\/?p=743\" title=\"MG: Primer concierto Argentina 3\/11\/10\" target=\"_self\" rel=\"follow\"> <font face=arial size=2>[Leer m\u00e1s]<\/font> <\/a><\/p>\n","protected":false},"author":2,"featured_media":0,"comment_status":"closed","ping_status":"closed","sticky":false,"template":"","format":"standard","meta":{"footnotes":""},"categories":[1],"tags":[127],"class_list":["post-743","post","type-post","status-publish","format-standard","hentry","category-manolo-garcia","tag-manolo-garcia-concierto-argentina-buenos-aires"],"_links":{"self":[{"href":"https:\/\/www.manologarciaycia.com\/index.php?rest_route=\/wp\/v2\/posts\/743","targetHints":{"allow":["GET"]}}],"collection":[{"href":"https:\/\/www.manologarciaycia.com\/index.php?rest_route=\/wp\/v2\/posts"}],"about":[{"href":"https:\/\/www.manologarciaycia.com\/index.php?rest_route=\/wp\/v2\/types\/post"}],"author":[{"embeddable":true,"href":"https:\/\/www.manologarciaycia.com\/index.php?rest_route=\/wp\/v2\/users\/2"}],"replies":[{"embeddable":true,"href":"https:\/\/www.manologarciaycia.com\/index.php?rest_route=%2Fwp%2Fv2%2Fcomments&post=743"}],"version-history":[{"count":9,"href":"https:\/\/www.manologarciaycia.com\/index.php?rest_route=\/wp\/v2\/posts\/743\/revisions"}],"predecessor-version":[{"id":752,"href":"https:\/\/www.manologarciaycia.com\/index.php?rest_route=\/wp\/v2\/posts\/743\/revisions\/752"}],"wp:attachment":[{"href":"https:\/\/www.manologarciaycia.com\/index.php?rest_route=%2Fwp%2Fv2%2Fmedia&parent=743"}],"wp:term":[{"taxonomy":"category","embeddable":true,"href":"https:\/\/www.manologarciaycia.com\/index.php?rest_route=%2Fwp%2Fv2%2Fcategories&post=743"},{"taxonomy":"post_tag","embeddable":true,"href":"https:\/\/www.manologarciaycia.com\/index.php?rest_route=%2Fwp%2Fv2%2Ftags&post=743"}],"curies":[{"name":"wp","href":"https:\/\/api.w.org\/{rel}","templated":true}]}}