{"id":7397,"date":"1986-10-05T10:22:36","date_gmt":"1986-10-05T09:22:36","guid":{"rendered":"http:\/\/www.manologarciaycia.com\/?p=7397"},"modified":"2013-10-02T10:25:08","modified_gmt":"2013-10-02T08:25:08","slug":"eudlf-el-duende-de-el-ultimo-de-la-fila","status":"publish","type":"post","link":"https:\/\/www.manologarciaycia.com\/?p=7397","title":{"rendered":"EUDLF: El duende de El \u00daltimo de la Fila"},"content":{"rendered":"<p>Las comparaciones ni los lugares comunes no valen con El \u00faltimo de la Fila, porque el grupo catal\u00e1n va por libre. No se parecen a nadie, nadie se parece a ellos, y el t\u00e1ndem formado por Manolo Garc\u00eda-Quimi Portet -compositores, almas de la banda y compa\u00f1eros desde los tiempos de Los R\u00e1pidos y Los Burros- no est\u00e1 dispuesto a tomar la iniciativa para intentar un acercamiento a lo establecido.Sus canciones apuestan definitivamente por la cola del rat\u00f3n: \u00abLos \u00faltimos siempre ser\u00e1n los \u00faltimos, nunca los primeros\u00bb, y resulta significativo que el \u00fanico tema que repitieron, en versiones ac\u00fastica y el\u00e9ctrica, fue Lejos de las leyes de los hombres.<\/p>\n<p>A pesar de este aparente correr hacia el final del pelot\u00f3n, de apuntarse al siempre atractivo bando de los perdedores, el asunto resulta vagamente familiar. Quiz\u00e1 por la aflamencada voz de Manolo Garc\u00eda -otra vez habr\u00e1 que remontarse, para tener un m\u00ednimo punto de referencia, a M\u00f3dulos y Triana-, las im\u00e1genes de sus textos desesperanzados, escritos en primera persona, con preguntas sin respuesta posible, o por la energ\u00eda de sus actuaciones, que conectan con el p\u00fablico de manera visceral y antropof\u00e1gica.<\/p>\n<p>\nEl \u00faltimo de la Fila se alimenta en directo de aplausos. Necesitan calor y un p\u00fablico no receptivo les impide alcanzar los grados de comunicaci\u00f3n que precisan, como se pudo comprobar en su actuaci\u00f3n durante las pasadas fiestas de San Isidro. Cuando, ante audiencias m\u00e1s reducidas, como en la repleta sala Universal, consiguen el ambiente necesario para lograr el cl\u00edmax deseado, los momentos de gracia pueden ser comparables a los mejores de otras m\u00fasicas vivas, como el flamenco, el jazz o el buen rock and roll.<\/p>\n<p>Algunos de esos instantes se alcanzaron en su actuaci\u00f3n, y entonces lograron poner los pelos de punta a m\u00e1s de uno. Consiguen estos momentos de duende porque los cinco m\u00fasicos que est\u00e1n en el escenario se olvidan de todo y llega a palparse que all\u00ed arriba pasa algo. Son buenos instrumentistas, pero lo que realmente importa es que parece que les va la vida en ello.<\/p>\n<p>Los guitarristas Quimi Portet y Marc Grau, de estilos bien diferentes, se complementan bien. El bajo de Antonio Fidel es sencillo, con fuerza e imaginaci\u00f3n, igual que la bater\u00eda de Quim Ben\u00edtez apoyada por la percusi\u00f3n de Juan Carlos Garc\u00eda que, adem\u00e1s, ayuda arm\u00f3nicamente con los teclados. Cada uno tiene su mundo y los seis juntos forman uno de los grupos m\u00e1s personales e interesantes del rock espa\u00f1ol con algunas de las mejores canciones compuestas en los \u00faltimos a\u00f1os -especialmente las que se incluyen en su segundo elep\u00e9, Enemigos de lo ajeno-. Son magn\u00edficos letristas, sus actuaciones son irrepetibles y all\u00ed puede pasar de todo: dos bailaoras de flamenco que cierran el concierto con baile tras casi dos horas de m\u00fasica, canciones antiguas que suenan nuevas, estrenos que parecen conocidos y bises mayoritariamente reclamados y generosamenice concedidos.<\/p>\n<p>Cuando entre Manolo Garcia y el p\u00fablico se produce el di\u00e1logo, El \u00faltimo de la Fila se convierte en un grupo incontestable y permite mantener la esperanza en un rock genuinamente espa\u00f1ol, siempre que la energ\u00eda y la inspiraci\u00f3n no les abandonen, mantengan su l\u00ednea original sin coqueteos con comercialadas al uso y los giros aflamencados de la voz de Manolo Garc\u00eda no crucen la frontera de lo t\u00f3pico.<\/p>\n<p>Concierto de El \u00faltimo de la Fila:<br \/>\nManolo Garc\u00eda (voz y percusi\u00f3n), Quimi Portet (guitarra el\u00e9ctrica y coros), Marc Grau (guitarras el\u00e9ctrica y ac\u00fastica), Antonio Fidel (bajo, guitarra y coros), Juan Carlos Garc\u00eda (teclados, percusi\u00f3n y coros), Quim Ben\u00edtez (bater\u00eda), Manuela y Juana Aguilar (bailaoras). Sala Universal. Madrid, 3 de octubre.<\/p>\n<p>Fuente: El Pa\u00eds -IGNACIO SAENZ DE TEJADA &#8211; <a href='http:\/\/elpais.com\/diario\/1986\/10\/05\/cultura\/528850806_850215.html' targeT=_new>ENLACE<\/a><\/p>\n","protected":false},"excerpt":{"rendered":"<p>Las comparaciones ni los lugares comunes no valen con El \u00faltimo de la Fila, porque el grupo catal\u00e1n va por libre. No se parecen a nadie, nadie se parece a ellos, y el t\u00e1ndem formado por Manolo Garc\u00eda-Quimi Portet -compositores, almas de la banda y compa\u00f1eros desde los tiempos de Los R\u00e1pidos y Los Burros-<a class=\"moretag\" href=\"https:\/\/www.manologarciaycia.com\/?p=7397\" title=\"EUDLF: El duende de El \u00daltimo de la Fila\" target=\"_self\" rel=\"follow\"> <font face=arial size=2>[Leer m\u00e1s]<\/font> <\/a><\/p>\n","protected":false},"author":2,"featured_media":0,"comment_status":"closed","ping_status":"closed","sticky":false,"template":"","format":"standard","meta":{"footnotes":""},"categories":[3,1,9],"tags":[],"class_list":["post-7397","post","type-post","status-publish","format-standard","hentry","category-el-ultimo-de-la-fila","category-manolo-garcia","category-qumi-portet"],"_links":{"self":[{"href":"https:\/\/www.manologarciaycia.com\/index.php?rest_route=\/wp\/v2\/posts\/7397","targetHints":{"allow":["GET"]}}],"collection":[{"href":"https:\/\/www.manologarciaycia.com\/index.php?rest_route=\/wp\/v2\/posts"}],"about":[{"href":"https:\/\/www.manologarciaycia.com\/index.php?rest_route=\/wp\/v2\/types\/post"}],"author":[{"embeddable":true,"href":"https:\/\/www.manologarciaycia.com\/index.php?rest_route=\/wp\/v2\/users\/2"}],"replies":[{"embeddable":true,"href":"https:\/\/www.manologarciaycia.com\/index.php?rest_route=%2Fwp%2Fv2%2Fcomments&post=7397"}],"version-history":[{"count":1,"href":"https:\/\/www.manologarciaycia.com\/index.php?rest_route=\/wp\/v2\/posts\/7397\/revisions"}],"predecessor-version":[{"id":7398,"href":"https:\/\/www.manologarciaycia.com\/index.php?rest_route=\/wp\/v2\/posts\/7397\/revisions\/7398"}],"wp:attachment":[{"href":"https:\/\/www.manologarciaycia.com\/index.php?rest_route=%2Fwp%2Fv2%2Fmedia&parent=7397"}],"wp:term":[{"taxonomy":"category","embeddable":true,"href":"https:\/\/www.manologarciaycia.com\/index.php?rest_route=%2Fwp%2Fv2%2Fcategories&post=7397"},{"taxonomy":"post_tag","embeddable":true,"href":"https:\/\/www.manologarciaycia.com\/index.php?rest_route=%2Fwp%2Fv2%2Ftags&post=7397"}],"curies":[{"name":"wp","href":"https:\/\/api.w.org\/{rel}","templated":true}]}}