{"id":7386,"date":"2013-09-29T11:01:11","date_gmt":"2013-09-29T09:01:11","guid":{"rendered":"http:\/\/www.manologarciaycia.com\/?p=7386"},"modified":"2013-09-29T11:02:52","modified_gmt":"2013-09-29T09:02:52","slug":"qp-una-conversacion-tecnicamente-perfecta-con-quimi-portet-vida-interior-de-un-astro-intercomarcal","status":"publish","type":"post","link":"https:\/\/www.manologarciaycia.com\/?p=7386","title":{"rendered":"QP: Una conversaci\u00f3n -t\u00e9cnicamente perfecta- con Quimi Portet. Vida interior de un Astro Intercomarcal"},"content":{"rendered":"<p><img loading=\"lazy\" decoding=\"async\" class=\"alignright  wp-image-7387\" alt=\"qp_jn\" src=\"http:\/\/www.manologarciaycia.com\/wp-content\/uploads\/2013\/09\/qp_jn.jpg\" width=\"420\" height=\"646\" srcset=\"https:\/\/www.manologarciaycia.com\/wp-content\/uploads\/2013\/09\/qp_jn.jpg 600w, https:\/\/www.manologarciaycia.com\/wp-content\/uploads\/2013\/09\/qp_jn-195x300.jpg 195w\" sizes=\"auto, (max-width: 420px) 100vw, 420px\" \/> De espaldas al mar y en la monta\u00f1a, una m\u00e9dium encuentra finalmente un lugar para aparcar. A 5.000 kil\u00f3metros de all\u00ed, un Quimi Portet que progresa adecuadamente, mientras la historia ense\u00f1a las tripas, \u00e9l sue\u00f1a despierto. La bella Cl\u00edtoris toca el tromb\u00f3n. It\u00b4s a Sunny Day.<\/p>\n<p>Para kaosenlared tengo el honor de entrevistar a uno de los m\u00fasicos m\u00e1s admirados y queridos de la escena musical popular contempor\u00e1nea, \u00e9l es Quimi Portet. Coincidimos tras haber sido el encargado de inaugurar la XXV Edici\u00f3n del Mercat de M\u00fasica Viva de Vic (Barcelona), junto con Jaume Sisa y Joan Miquel Oliver y habiendo finalizado su gira con su brillante disco \u201cOh My Love\u201d (2012), conversamos sobre \u00e9ste \u00faltimo trabajo, y de lo que acontece en su inquieta creaci\u00f3n art\u00edstica. Vic, 11 de la tarde.<\/p>\n<p>Quimi Portet, much\u00edsimas gracias por la cortes\u00eda de aceptar y concederme esta entrevista.<\/p>\n<p>-(Risas). \u00a1Es un placer!.<\/p>\n<p>01.\u00bfC\u00f3mo ha sido tocar en Vic, su ciudad natal, junto a su admirado Jaume Sisa y Joan Miquel Oliver?<\/p>\n<p>-El hecho de tocar en Vic es habitual porque en las giras que hacemos nosotros, siempre en un momento u otro, se toca en Vic. El local es excelente, pero s\u00ed que es muy importante lo que dice usted de haber realizado este concierto junto a Sisa y Joan Miquel Oliver, son estas personas que compartimos muchas cosas, que tenemos una amistad profesional y extra profesional, y que realmente a pesar de haber colaborado en cosas puntuales, nunca hab\u00edamos hecho un proyecto digamos, elaborado, pensado y trabajado, y ha sido un placer porque yo creo que trabajar con m\u00fasicos con los cuales compartes (aunque nuestra m\u00fasica no se parece mucho, la m\u00fasica de los tres es muy diferente) en el punto de los textos, en nuestra manera de ver y de evaluar el mundo, nos parecemos mucho, ha sido un placer, s\u00ed.<\/p>\n<p>Leer m\u00e1s la entrevista completa en Kaos en la Red &#8211; Joan Navas: <a href=\"http:\/\/www.kaosenlared.net\/component\/k2\/item\/69663-una-conversaci%C3%B3n-t%C3%A9cnicamente-perfecta-con-quimi-portet-vida-interior-de-un-astro-intercomarcal.html\" target=\"_new\">ENLACE<\/a><\/p>\n","protected":false},"excerpt":{"rendered":"<p>De espaldas al mar y en la monta\u00f1a, una m\u00e9dium encuentra finalmente un lugar para aparcar. A 5.000 kil\u00f3metros de all\u00ed, un Quimi Portet que progresa adecuadamente, mientras la historia ense\u00f1a las tripas, \u00e9l sue\u00f1a despierto. La bella Cl\u00edtoris toca el tromb\u00f3n. It\u00b4s a Sunny Day. Para kaosenlared tengo el honor de entrevistar a uno<a class=\"moretag\" href=\"https:\/\/www.manologarciaycia.com\/?p=7386\" title=\"QP: Una conversaci\u00f3n -t\u00e9cnicamente perfecta- con Quimi Portet. Vida interior de un Astro Intercomarcal\" target=\"_self\" rel=\"follow\"> <font face=arial size=2>[Leer m\u00e1s]<\/font> <\/a><\/p>\n","protected":false},"author":2,"featured_media":0,"comment_status":"closed","ping_status":"closed","sticky":false,"template":"","format":"standard","meta":{"footnotes":""},"categories":[9],"tags":[],"class_list":["post-7386","post","type-post","status-publish","format-standard","hentry","category-qumi-portet"],"_links":{"self":[{"href":"https:\/\/www.manologarciaycia.com\/index.php?rest_route=\/wp\/v2\/posts\/7386","targetHints":{"allow":["GET"]}}],"collection":[{"href":"https:\/\/www.manologarciaycia.com\/index.php?rest_route=\/wp\/v2\/posts"}],"about":[{"href":"https:\/\/www.manologarciaycia.com\/index.php?rest_route=\/wp\/v2\/types\/post"}],"author":[{"embeddable":true,"href":"https:\/\/www.manologarciaycia.com\/index.php?rest_route=\/wp\/v2\/users\/2"}],"replies":[{"embeddable":true,"href":"https:\/\/www.manologarciaycia.com\/index.php?rest_route=%2Fwp%2Fv2%2Fcomments&post=7386"}],"version-history":[{"count":2,"href":"https:\/\/www.manologarciaycia.com\/index.php?rest_route=\/wp\/v2\/posts\/7386\/revisions"}],"predecessor-version":[{"id":7389,"href":"https:\/\/www.manologarciaycia.com\/index.php?rest_route=\/wp\/v2\/posts\/7386\/revisions\/7389"}],"wp:attachment":[{"href":"https:\/\/www.manologarciaycia.com\/index.php?rest_route=%2Fwp%2Fv2%2Fmedia&parent=7386"}],"wp:term":[{"taxonomy":"category","embeddable":true,"href":"https:\/\/www.manologarciaycia.com\/index.php?rest_route=%2Fwp%2Fv2%2Fcategories&post=7386"},{"taxonomy":"post_tag","embeddable":true,"href":"https:\/\/www.manologarciaycia.com\/index.php?rest_route=%2Fwp%2Fv2%2Ftags&post=7386"}],"curies":[{"name":"wp","href":"https:\/\/api.w.org\/{rel}","templated":true}]}}