{"id":7363,"date":"2013-09-24T08:03:26","date_gmt":"2013-09-24T06:03:26","guid":{"rendered":"http:\/\/www.manologarciaycia.com\/?p=7363"},"modified":"2013-09-26T14:13:57","modified_gmt":"2013-09-26T12:13:57","slug":"mg-voces-que-dan-luz","status":"publish","type":"post","link":"https:\/\/www.manologarciaycia.com\/?p=7363","title":{"rendered":"MG: Voces Que Dan Luz"},"content":{"rendered":"<p><img loading=\"lazy\" decoding=\"async\" class=\"alignright  wp-image-7364\" alt=\"5615c2bbc4a15\" src=\"http:\/\/www.manologarciaycia.com\/wp-content\/uploads\/2013\/09\/5615c2bbc4a15.jpg\" width=\"409\" height=\"614\" srcset=\"https:\/\/www.manologarciaycia.com\/wp-content\/uploads\/2013\/09\/5615c2bbc4a15.jpg 682w, https:\/\/www.manologarciaycia.com\/wp-content\/uploads\/2013\/09\/5615c2bbc4a15-199x300.jpg 199w\" sizes=\"auto, (max-width: 409px) 100vw, 409px\" \/> \u00bfQuieres contribuir a mejorar la educaci\u00f3n de miles de ni\u00f1as y ni\u00f1os iberoamericanos y disfrutar de un cuadro exclusivo realizado por artistas como Alejandro Sanz, Miguel Bos\u00e9 o Fito&#8230;?<\/p>\n<p>Desde la Fundaci\u00f3n VOCES y la Organizaci\u00f3n de Estados Iberoamericanos para la Educaci\u00f3n, la Ciencia y la Cultura (OEI) os animamos a apoyar la iniciativa Luces para Aprender, un proyecto de la OEI que llevar\u00e1 luz e internet a 66.000 escuelas de Iberoam\u00e9rica, y como contrapartida podr\u00e1s obtener una obra de arte de la exposici\u00f3n VOCES que pintan.<br \/>\nBajo este t\u00edtulo se re\u00fane una particular y solidaria colecci\u00f3n de pinturas y dibujos realizados por grandes m\u00fasicos iberoamericanos, entre los que se encuentran Alejandro Sanz, Manolo Garc\u00eda, Aute, Ana Torroja, David Summers, Leire Mart\u00ednez, Fito Cabrales, Sole Gim\u00e9nez, Miguel Bos\u00e9, Lolita y muchos artistas m\u00e1s.<\/p>\n<p>Realizando una aportaci\u00f3n para Luces para Aprender (www.lucesparaaprender.org) estar\u00e1s contribuyendo a que miles de ni\u00f1as y ni\u00f1os tengan acceso a una educaci\u00f3n p\u00fablica de mejor calidad que les ofrezca mejores oportunidades y les permita hacer frente a la pobreza y la desigualdad. Gracias a Luces para aprender, escuelas sin luz de Colombia, Paraguay o El Salvador ya disponen de paneles solares y conectividad a Internet.<\/p>\n<p>\u00bfQu\u00e9 ofrecemos a cambio?<\/p>\n<p>Adem\u00e1s de formar parte de un proyecto solidario, como contrapartida para agradecer tu colaboraci\u00f3n, podr\u00e1s recibir la obra original o una reproducci\u00f3n exacta de los cuadros que componen la expo solidaria VOCES que pintan, disponibles solamente a trav\u00e9s de esta campa\u00f1a y que te contamos en la columna de la derecha. Tambi\u00e9n se encuentran entre las recompensas, cajas con 6 botellas de vino cuya etiqueta es una reproducci\u00f3n de las obras de los artistas. Si quieres m\u00e1s detalles puedes consultar el dossier del proyecto.<\/p>\n<p><img loading=\"lazy\" decoding=\"async\" class=\"alignleft  wp-image-7368\" alt=\"203be79eb1b15\" src=\"http:\/\/www.manologarciaycia.com\/wp-content\/uploads\/2013\/09\/203be79eb1b15-768x1024.jpg\" width=\"330\" height=\"440\" srcset=\"https:\/\/www.manologarciaycia.com\/wp-content\/uploads\/2013\/09\/203be79eb1b15-768x1024.jpg 768w, https:\/\/www.manologarciaycia.com\/wp-content\/uploads\/2013\/09\/203be79eb1b15-225x300.jpg 225w, https:\/\/www.manologarciaycia.com\/wp-content\/uploads\/2013\/09\/203be79eb1b15.jpg 1500w\" sizes=\"auto, (max-width: 330px) 100vw, 330px\" \/>VENTA \u00abMANOLO GARC\u00cdA\u00bb:<\/p>\n<p>Elige entre la obra original, una reproducci\u00f3n o pack de 6 botellas de vino de tu artista favorito:<\/p>\n<p>30\u20ac Manolo Garc\u00eda &#8211; Reproducci\u00f3n en papel de 250 gramos + funda protectora + env\u00edo a cualquier parte de Espa\u00f1a<\/p>\n<p>60\u20ac Manolo Garc\u00eda &#8211; Caja de 6 botellas de vino blanco ecol\u00f3gico de Rueda (bodegas Menade) etiquetado con una reproducci\u00f3n de la obra pintada.<\/p>\n<p>2.000\u20ac Manolo Garc\u00eda &#8211; Obra Original<\/p>\n<p>Fuente: MyMajorCompany &#8211; <a href=\"http:\/\/www.mymajorcompany.es\/projects\/voces-que-dan-luz\" target=\"_new\">ENLACE<\/a><\/p>\n","protected":false},"excerpt":{"rendered":"<p>\u00bfQuieres contribuir a mejorar la educaci\u00f3n de miles de ni\u00f1as y ni\u00f1os iberoamericanos y disfrutar de un cuadro exclusivo realizado por artistas como Alejandro Sanz, Miguel Bos\u00e9 o Fito&#8230;? Desde la Fundaci\u00f3n VOCES y la Organizaci\u00f3n de Estados Iberoamericanos para la Educaci\u00f3n, la Ciencia y la Cultura (OEI) os animamos a apoyar la iniciativa Luces<a class=\"moretag\" href=\"https:\/\/www.manologarciaycia.com\/?p=7363\" title=\"MG: Voces Que Dan Luz\" target=\"_self\" rel=\"follow\"> <font face=arial size=2>[Leer m\u00e1s]<\/font> <\/a><\/p>\n","protected":false},"author":2,"featured_media":0,"comment_status":"closed","ping_status":"closed","sticky":false,"template":"","format":"standard","meta":{"footnotes":""},"categories":[1],"tags":[],"class_list":["post-7363","post","type-post","status-publish","format-standard","hentry","category-manolo-garcia"],"_links":{"self":[{"href":"https:\/\/www.manologarciaycia.com\/index.php?rest_route=\/wp\/v2\/posts\/7363","targetHints":{"allow":["GET"]}}],"collection":[{"href":"https:\/\/www.manologarciaycia.com\/index.php?rest_route=\/wp\/v2\/posts"}],"about":[{"href":"https:\/\/www.manologarciaycia.com\/index.php?rest_route=\/wp\/v2\/types\/post"}],"author":[{"embeddable":true,"href":"https:\/\/www.manologarciaycia.com\/index.php?rest_route=\/wp\/v2\/users\/2"}],"replies":[{"embeddable":true,"href":"https:\/\/www.manologarciaycia.com\/index.php?rest_route=%2Fwp%2Fv2%2Fcomments&post=7363"}],"version-history":[{"count":4,"href":"https:\/\/www.manologarciaycia.com\/index.php?rest_route=\/wp\/v2\/posts\/7363\/revisions"}],"predecessor-version":[{"id":7369,"href":"https:\/\/www.manologarciaycia.com\/index.php?rest_route=\/wp\/v2\/posts\/7363\/revisions\/7369"}],"wp:attachment":[{"href":"https:\/\/www.manologarciaycia.com\/index.php?rest_route=%2Fwp%2Fv2%2Fmedia&parent=7363"}],"wp:term":[{"taxonomy":"category","embeddable":true,"href":"https:\/\/www.manologarciaycia.com\/index.php?rest_route=%2Fwp%2Fv2%2Fcategories&post=7363"},{"taxonomy":"post_tag","embeddable":true,"href":"https:\/\/www.manologarciaycia.com\/index.php?rest_route=%2Fwp%2Fv2%2Ftags&post=7363"}],"curies":[{"name":"wp","href":"https:\/\/api.w.org\/{rel}","templated":true}]}}