{"id":735,"date":"2010-09-11T09:46:36","date_gmt":"2010-09-11T08:46:36","guid":{"rendered":"http:\/\/petaos.net\/?p=735"},"modified":"2010-09-13T11:16:54","modified_gmt":"2010-09-13T10:16:54","slug":"mg-promocion-de-de-mares-y-visiones-en-buenos-aires","status":"publish","type":"post","link":"https:\/\/www.manologarciaycia.com\/?p=735","title":{"rendered":"MG: Posible fecha Concierto en Buenos Aires y Promoci\u00f3n de \u00abDe mares y visiones\u00bb en Argentina"},"content":{"rendered":"<p>A trav\u00e9s de una p\u00e1gina de entradas argentina se pueden ya comprar entradas para un concierto de Manolo Garc\u00eda el pr\u00f3ximo 3 de Noviembre de 2010 en La Trastienda Club de Buenos Aires. Con precios desde los 120$ a los 180$ y con las entradas de &#8216;pie&#8217; ya agotadas (120$). <a href=\"http:\/\/www.ticketek.com.ar\/Conciertos\/Interprete-Internacional\/MANOLO-GARCIA__MANOLOGARLT\" target=\"_blank\">ENLACE<\/a>.<\/p>\n<p>En\u00a0 la p\u00e1gina &#8216;oficial&#8217; de Sony BMG de Manolo Garc\u00eda han publicado esta noticia:<\/p>\n<p><em>\u00abManolo Garc\u00eda estar\u00e1 en Buenos Aires el 13 y 14 de septiembre para apoyar el lanzamiento del disco recopilatorio \u00abDe mares y visiones\u00bb (Canciones de una d\u00e9cada) y su pr\u00f3xima gira de conciertos en Latinoam\u00e9rica. M\u00e1s info pr\u00f3ximamente.\u00bb<\/em><\/p>\n<p>Para apoyar el lanzamiento del disco recopilatorio \u00abDe mares y visiones\u00bb y su pr\u00f3xima gira de conciertos en Latinoam\u00e9rica, Manolo Garcia estar\u00e1 en las siguientes radios argentinas:<\/p>\n<p><em><strong>LUNES 13 DE SETIEMBRE<\/strong><\/em><\/p>\n<p>12:00 horas<br \/>\n\u00abQUE TE QUEDES\u00bb Mariela Bosqui<br \/>\nhttp:\/\/www.latina101.com.ar\/<\/p>\n<p>15:30 horas<br \/>\nRadio Ciudad AM 1110<br \/>\n\u00abSIEMPRE BETTY\u00bb Betty Elizalde<br \/>\nhttp:\/\/www.radiodelaciudad.gov.ar\/<\/p>\n<p>16:00 horas<br \/>\nRadio Mitre C\u00f3rdoba<br \/>\n\u00abLA MOVIDA DE LA TARDE\u00bb Juan Alberto Mateyko<br \/>\nhttp:\/\/www.cienradios.com.ar\/argentina\/Mitre_Cordoba\/home<\/p>\n<p><em><strong>MARTES 14 DE SETIEMBRE<\/strong><\/em><\/p>\n<p>11:00 horas (Mediod\u00eda)<br \/>\nRadio Nacional Rock 93.7 FM<br \/>\n\u00abEL \u00daLTIMO DE LA FILA\u00bb Daniel Tognetti<br \/>\nhttp:\/\/www.radionacional.com.ar\/programacion\/nacional-937\/dia\/martes.html<\/p>\n<p>15:30 horas<br \/>\nLa Red AM 910<br \/>\n\u00abLA CORNISA\u00bb Luis Majul<br \/>\nhttp:\/\/www.radiolared.multimediosamerica.com.ar\/lacornisa<\/p>\n<p>21:00 horas<br \/>\nFM 104.3 Continental<br \/>\n\u00abRADIO TAXI 104\u00bb Lorena Toso y Gustavo Tubio<br \/>\nhttp:\/\/www.radiotaxi104.blogspot.com\/<\/p>\n<p>Fuente: P\u00e1gina &#8216;oficial&#8217; de Sony BMG de Manolo Garc\u00eda. Ticketek: <a href=\"http:\/\/www.ticketek.com.ar\">www.ticketek.com.ar<\/a>.<\/p>\n","protected":false},"excerpt":{"rendered":"<p>A trav\u00e9s de una p\u00e1gina de entradas argentina se pueden ya comprar entradas para un concierto de Manolo Garc\u00eda el pr\u00f3ximo 3 de Noviembre de 2010 en La Trastienda Club de Buenos Aires. Con precios desde los 120$ a los 180$ y con las entradas de &#8216;pie&#8217; ya agotadas (120$). ENLACE. En\u00a0 la p\u00e1gina &#8216;oficial&#8217;<a class=\"moretag\" href=\"https:\/\/www.manologarciaycia.com\/?p=735\" title=\"MG: Posible fecha Concierto en Buenos Aires y Promoci\u00f3n de \u00abDe mares y visiones\u00bb en Argentina\" target=\"_self\" rel=\"follow\"> <font face=arial size=2>[Leer m\u00e1s]<\/font> <\/a><\/p>\n","protected":false},"author":2,"featured_media":0,"comment_status":"closed","ping_status":"closed","sticky":false,"template":"","format":"standard","meta":{"footnotes":""},"categories":[1],"tags":[127],"class_list":["post-735","post","type-post","status-publish","format-standard","hentry","category-manolo-garcia","tag-manolo-garcia-concierto-argentina-buenos-aires"],"_links":{"self":[{"href":"https:\/\/www.manologarciaycia.com\/index.php?rest_route=\/wp\/v2\/posts\/735","targetHints":{"allow":["GET"]}}],"collection":[{"href":"https:\/\/www.manologarciaycia.com\/index.php?rest_route=\/wp\/v2\/posts"}],"about":[{"href":"https:\/\/www.manologarciaycia.com\/index.php?rest_route=\/wp\/v2\/types\/post"}],"author":[{"embeddable":true,"href":"https:\/\/www.manologarciaycia.com\/index.php?rest_route=\/wp\/v2\/users\/2"}],"replies":[{"embeddable":true,"href":"https:\/\/www.manologarciaycia.com\/index.php?rest_route=%2Fwp%2Fv2%2Fcomments&post=735"}],"version-history":[{"count":5,"href":"https:\/\/www.manologarciaycia.com\/index.php?rest_route=\/wp\/v2\/posts\/735\/revisions"}],"predecessor-version":[{"id":742,"href":"https:\/\/www.manologarciaycia.com\/index.php?rest_route=\/wp\/v2\/posts\/735\/revisions\/742"}],"wp:attachment":[{"href":"https:\/\/www.manologarciaycia.com\/index.php?rest_route=%2Fwp%2Fv2%2Fmedia&parent=735"}],"wp:term":[{"taxonomy":"category","embeddable":true,"href":"https:\/\/www.manologarciaycia.com\/index.php?rest_route=%2Fwp%2Fv2%2Fcategories&post=735"},{"taxonomy":"post_tag","embeddable":true,"href":"https:\/\/www.manologarciaycia.com\/index.php?rest_route=%2Fwp%2Fv2%2Ftags&post=735"}],"curies":[{"name":"wp","href":"https:\/\/api.w.org\/{rel}","templated":true}]}}