{"id":7342,"date":"2013-09-18T09:07:36","date_gmt":"2013-09-18T07:07:36","guid":{"rendered":"http:\/\/www.manologarciaycia.com\/?p=7342"},"modified":"2013-09-18T09:09:11","modified_gmt":"2013-09-18T07:09:11","slug":"qp-la-musica-de-los-astros-por-toni-coromina","status":"publish","type":"post","link":"https:\/\/www.manologarciaycia.com\/?p=7342","title":{"rendered":"QP: La m\u00fasica de los astros, por Toni Coromina"},"content":{"rendered":"<p><strong>Sisa, Portet y Oliver oficiaron una segunda comuni\u00f3n psicod\u00e9lica, lis\u00e9rgica y surrealista.<\/strong><\/p>\n<p>La velada inaugural de la 25.\u00aa edici\u00f3n del Mercat de M\u00fasica Viva de Vic, presentada como una muestra de \u201ccanci\u00f3n gal\u00e1ctica, intercomarcal y de ultramar\u201d, super\u00f3 todas las expectativas y se convirti\u00f3 en un generoso regalo al p\u00fablico por parte de Jaume Sisa, Quimi Portet y Joan Miquel Oliver, perfectamente secundados por el bajista Antonio Fidel y el bater\u00eda Xarli Oliver.<\/p>\n<p>La m\u00e1gica noche vivida en el Teatre l\u2019Atl\u00e0ntida fue la mejor manera de celebrar un cuarto de siglo de canciones, con m\u00edticos m\u00fasicos de tres generaciones. Una sesi\u00f3n po\u00e9tica y musical casi m\u00edstica, llena de humor y fantas\u00eda. El tr\u00edo de ases, unos profesionales reconsagrados que ya hace tiempo que hicieron la primera comuni\u00f3n, esta vez oficiaron una segunda comuni\u00f3n colectiva, psicod\u00e9lica, lis\u00e9rgica y surrealista.<\/p>\n<p>En el escenario se sucedieron continuas mutaciones. Los tres astros gal\u00e1cticos intercomarcales y de ultramar se transformaron en una singular versi\u00f3n aut\u00f3ctona del Tr\u00edo Calaveras mexicano (sin Jorge Negrete), con Sisa haciendo de maestro de ceremonias, vendedor ambulanteohistri\u00f3nico Nosferatu. De sopet\u00f3n emulaban al Tr\u00edo de la Bencina, tres amigos enamorados de la misma mujer, la m\u00fasica. En otros momentos parec\u00edan los tres Reyes de Occidente, cargados de notas doradas, incienso de tomillo y mirramediterr\u00e1nea, el estimulante medicinal t\u00f3pico y arom\u00e1tico que forma parte de la composici\u00f3n de los santos \u00f3leos con que se ungen los elegidos.<\/p>\n<p><\/p>\n<p>M\u00e1s adelante se transformaron en tres cerditos s\u00e1tiros, en los tres hermanos que aparecen en las rondallas catalanasy en los tres mosqueteros defensores de la nobleza humana. Tambi\u00e9n escenificaron una parodia de los tres tenores, adornados con tres sombreros de copa. Los entendidos en simbolog\u00eda dicen que el tres de copas de la baraja espa\u00f1ola augura triunfos, creatividady \u00e9xitos comerciales, y pronostica el nacimiento de un proyecto, la armon\u00eda en las relaciones personales, el esfuerzo conjunto entre personas que se preocupan los unos de los otros, celebraciones para conjurar la desgracia y fiestas donde reina la alegr\u00eda, como bodas, bautizos y comuniones. Eso es lo que fue la noche del 12 de septiembre, al d\u00eda siguiente de la Diada.<\/p>\n<p>Sisa, Portet y Oliver representaron unos entretenidos aleluyas, con coristas y numism\u00e1ticos tocats del bolet, hijos del maestro quemando escuelas carpetovet\u00f3nicas, hombres y mujeres del cap dret, paisajes con anchoa, desfiles coloristas en la Rambla, surfistas en c\u00e1mara lenta, bosques frondosos como los de Hansel y Gretel, peque\u00f1os hombrecillos catalanes demonta\u00f1a y novias muertas con final feliz.<\/p>\n<p>En palabras de Portet, el mundo entero parec\u00eda parado: \u201cOtro hoy, otro ayer y otro siempre, otros remedios para el mismo mal. Juguetes de cristal en manos del tiempo y el tiempo juguete en manos de dioses\u201d. La m\u00fasica de los astros.<\/p>\n<p><img loading=\"lazy\" decoding=\"async\" class=\"size-full wp-image-7343 alignleft\" alt=\"TC_1\" src=\"http:\/\/www.manologarciaycia.com\/wp-content\/uploads\/2013\/09\/TC_1.png\" width=\"89\" height=\"78\" \/><\/p>\n<p>Fuente: La Vanguardia, edici\u00f3n escrita<\/p>\n<p>Toni Coromina<\/p>\n","protected":false},"excerpt":{"rendered":"<p>Sisa, Portet y Oliver oficiaron una segunda comuni\u00f3n psicod\u00e9lica, lis\u00e9rgica y surrealista. La velada inaugural de la 25.\u00aa edici\u00f3n del Mercat de M\u00fasica Viva de Vic, presentada como una muestra de \u201ccanci\u00f3n gal\u00e1ctica, intercomarcal y de ultramar\u201d, super\u00f3 todas las expectativas y se convirti\u00f3 en un generoso regalo al p\u00fablico por parte de Jaume Sisa,<a class=\"moretag\" href=\"https:\/\/www.manologarciaycia.com\/?p=7342\" title=\"QP: La m\u00fasica de los astros, por Toni Coromina\" target=\"_self\" rel=\"follow\"> <font face=arial size=2>[Leer m\u00e1s]<\/font> <\/a><\/p>\n","protected":false},"author":2,"featured_media":0,"comment_status":"closed","ping_status":"closed","sticky":false,"template":"","format":"standard","meta":{"footnotes":""},"categories":[23,9],"tags":[],"class_list":["post-7342","post","type-post","status-publish","format-standard","hentry","category-otros","category-qumi-portet"],"_links":{"self":[{"href":"https:\/\/www.manologarciaycia.com\/index.php?rest_route=\/wp\/v2\/posts\/7342","targetHints":{"allow":["GET"]}}],"collection":[{"href":"https:\/\/www.manologarciaycia.com\/index.php?rest_route=\/wp\/v2\/posts"}],"about":[{"href":"https:\/\/www.manologarciaycia.com\/index.php?rest_route=\/wp\/v2\/types\/post"}],"author":[{"embeddable":true,"href":"https:\/\/www.manologarciaycia.com\/index.php?rest_route=\/wp\/v2\/users\/2"}],"replies":[{"embeddable":true,"href":"https:\/\/www.manologarciaycia.com\/index.php?rest_route=%2Fwp%2Fv2%2Fcomments&post=7342"}],"version-history":[{"count":2,"href":"https:\/\/www.manologarciaycia.com\/index.php?rest_route=\/wp\/v2\/posts\/7342\/revisions"}],"predecessor-version":[{"id":7345,"href":"https:\/\/www.manologarciaycia.com\/index.php?rest_route=\/wp\/v2\/posts\/7342\/revisions\/7345"}],"wp:attachment":[{"href":"https:\/\/www.manologarciaycia.com\/index.php?rest_route=%2Fwp%2Fv2%2Fmedia&parent=7342"}],"wp:term":[{"taxonomy":"category","embeddable":true,"href":"https:\/\/www.manologarciaycia.com\/index.php?rest_route=%2Fwp%2Fv2%2Fcategories&post=7342"},{"taxonomy":"post_tag","embeddable":true,"href":"https:\/\/www.manologarciaycia.com\/index.php?rest_route=%2Fwp%2Fv2%2Ftags&post=7342"}],"curies":[{"name":"wp","href":"https:\/\/api.w.org\/{rel}","templated":true}]}}