{"id":7323,"date":"2013-09-16T08:32:26","date_gmt":"2013-09-16T06:32:26","guid":{"rendered":"http:\/\/www.manologarciaycia.com\/?p=7323"},"modified":"2013-09-16T08:42:11","modified_gmt":"2013-09-16T06:42:11","slug":"qp-tres-senores-tiernos","status":"publish","type":"post","link":"https:\/\/www.manologarciaycia.com\/?p=7323","title":{"rendered":"QP: Tres se\u00f1ores tiernos"},"content":{"rendered":"<p>Jaume Sisa, Quimi Portet y Joan Miquel Oliver abren al alim\u00f3n la celebraci\u00f3n de los 25 a\u00f1os del Mercat de M\u00fasica de Vic con un concierto sugestivo.<\/p>\n<p><img loading=\"lazy\" decoding=\"async\" class=\"wp-image-7324 aligncenter\" alt=\"1379057730_100175_1379057982_noticia_grande\" src=\"http:\/\/www.manologarciaycia.com\/wp-content\/uploads\/2013\/09\/1379057730_100175_1379057982_noticia_grande.jpg\" width=\"686\" height=\"457\" srcset=\"https:\/\/www.manologarciaycia.com\/wp-content\/uploads\/2013\/09\/1379057730_100175_1379057982_noticia_grande.jpg 980w, https:\/\/www.manologarciaycia.com\/wp-content\/uploads\/2013\/09\/1379057730_100175_1379057982_noticia_grande-300x199.jpg 300w\" sizes=\"auto, (max-width: 686px) 100vw, 686px\" \/><\/p>\n<p>\u201cCuando le dije a Sisa que quer\u00eda que cantase junto a Quimi Portet y a Joan Miquel Oliver me dijo que le parec\u00eda una idea estupenda, pero que seguramente Quimi no querr\u00eda\u201d. Lo explicaba Ram\u00f3n Muntaner, uno de los seis directores del Mercat de M\u00fasica de Vic invitados por el actual equipo rector a proponer un concierto para celebrar los 25 a\u00f1os del certamen. Continu\u00f3 Muntaner la presentaci\u00f3n del concierto en el teatro Atl\u00e1ntida de Vic: \u201cas\u00ed que llam\u00e9 a Quimi y me dijo que la idea le parec\u00eda estupenda pero que seguramente Sisa no querr\u00eda. Le dije que Sisa hab\u00eda dicho que s\u00ed\u201d, continu\u00f3 Muntaner, \u201clo que condujo a Quimi a decirme que Joan Miquel ser\u00eda entonces el que no podr\u00eda por tener mucho trabajo con Ant\u00f2nia Font, su grupo\u201d. La llamada al \u00faltimo de los tres astros intercomarcales se hizo melod\u00eda ayer en Vic, siendo el concierto inaugural de la edici\u00f3n que celebra el cuarto de siglo.<\/p>\n<p><\/p>\n<p>Lo cierto es que por complicada que pareciese la idea, est\u00e1 muy bien logrado el hecho de poner en contacto a estos tres artistas que suelen ser considerados lun\u00e1ticos, m\u00e1s que nada porque si piensan aburrido no lo exhiben p\u00fablicamente y, a\u00fan menos, por medio de sus canciones. De esta manera, la uni\u00f3n de estos tres personajes unificados por disponer de una individual mirada singular que les aleja de lo convencional, se antoj\u00f3 la manera m\u00e1s imaginativa de comenzar un Mercat que se adentra en la edad adulta \u2014los mercados musicales envejecen antes que las personas\u2014. Fue as\u00ed como abrir una bolsa de gominolas, extenderlas por el suelo y jugar con ellas.<\/p>\n<p>Y cada uno escogi\u00f3 no sus propias gominolas, sino que seleccionaron las de los dem\u00e1s. As\u00ed una visi\u00f3n externa sobre su propio repertorio les llev\u00f3 a interpretar cuatro piezas de cada uno de ellos, piezas que a la postre demostraron que si bien la m\u00fasica que hacen no se parece, s\u00ed hay una total comuni\u00f3n entre sus miradas sobre el mundo. Quiz\u00e1s por ello, o no, la mayor parte de las composiciones que sonaron en Vic navegaron por los medios tiempos, tempo pausado que choca m\u00e1s con las letras personales y sutilmente retorcidas de los tres artistas. Vale, quiz\u00e1s eso explota en su m\u00e1xima expresi\u00f3n en Sunny day, cantada por Quimi con la sola ayuda en la guitarra de Joan Miquel. Pero bien, no es menor el impacto de Hansel i Gretel, de Oliver, Sa nuvia morta, tambi\u00e9n de Oliver pero cantada por Quimi, El fill del mestre de Sisa o de Boetaires, una pieza que define con precisi\u00f3n matem\u00e1tica el mundo de estos tres\u2026 \u00bftenores?. No, se\u00f1ores.<\/p>\n<p>Porque esta es una de las caracter\u00edsticas que une a los tres artistas, tanto en Vic como en sus carreras respectivas. Y es que ninguno de ellos es un cantante al uso, vaya, que no son buenos cantantes en el sentido de los concursos televisivos.<\/p>\n<p>Y esa es otra de sus virtudes, domesticar voces at\u00edpicas para adaptarlas a sus melod\u00edas y letras consiguiendo ese extra\u00f1o equilibrio de canciones como Surfistes en c\u00e0mera lenta, Paisatge amb anxova, El fill del mestre o esa deliciosa pieza que los tres se atrevieron a cantar y silbar componiendo el mundo quedo de Homes i dones de cap dret. A todo esto, Quimi se puso corbata en escenario probablemente por primera vez en su vida, Joan Miquel vest\u00eda uniforme negro de arte marcial y Sisa, de rojo con chaqueta a listas y canotier iba, simplemente, de Sisa.<\/p>\n<p>A la postre eso tambi\u00e9n fue lo m\u00e1s sugestivo de la noche, que los tres tocaron juntos \u2014apoyados por la secci\u00f3n r\u00edtmica de Quimi\u2014, sin dejar de ser ellos mismos, hermanados por una l\u00f3gica imprevisible y, muy especialmente, por una sensibilidad y ternura que el humor no puede ocultar, es m\u00e1s casi resalta. Tres artistas respet\u00e1ndose en escena mientras juegan. Un perfecto inicio para tres d\u00edas de m\u00fasica en vivo y en Vic.<\/p>\n<p>Fuente: El Peri\u00f3dico &#8211; <a href=\"http:\/\/ccaa.elpais.com\/ccaa\/2013\/09\/13\/catalunya\/1379057730_100175.html\" target=\"_new\">ENLACE<\/a><\/p>\n","protected":false},"excerpt":{"rendered":"<p>Jaume Sisa, Quimi Portet y Joan Miquel Oliver abren al alim\u00f3n la celebraci\u00f3n de los 25 a\u00f1os del Mercat de M\u00fasica de Vic con un concierto sugestivo. \u201cCuando le dije a Sisa que quer\u00eda que cantase junto a Quimi Portet y a Joan Miquel Oliver me dijo que le parec\u00eda una idea estupenda, pero que<a class=\"moretag\" href=\"https:\/\/www.manologarciaycia.com\/?p=7323\" title=\"QP: Tres se\u00f1ores tiernos\" target=\"_self\" rel=\"follow\"> <font face=arial size=2>[Leer m\u00e1s]<\/font> <\/a><\/p>\n","protected":false},"author":2,"featured_media":0,"comment_status":"closed","ping_status":"closed","sticky":false,"template":"","format":"standard","meta":{"footnotes":""},"categories":[23,9],"tags":[],"class_list":["post-7323","post","type-post","status-publish","format-standard","hentry","category-otros","category-qumi-portet"],"_links":{"self":[{"href":"https:\/\/www.manologarciaycia.com\/index.php?rest_route=\/wp\/v2\/posts\/7323","targetHints":{"allow":["GET"]}}],"collection":[{"href":"https:\/\/www.manologarciaycia.com\/index.php?rest_route=\/wp\/v2\/posts"}],"about":[{"href":"https:\/\/www.manologarciaycia.com\/index.php?rest_route=\/wp\/v2\/types\/post"}],"author":[{"embeddable":true,"href":"https:\/\/www.manologarciaycia.com\/index.php?rest_route=\/wp\/v2\/users\/2"}],"replies":[{"embeddable":true,"href":"https:\/\/www.manologarciaycia.com\/index.php?rest_route=%2Fwp%2Fv2%2Fcomments&post=7323"}],"version-history":[{"count":9,"href":"https:\/\/www.manologarciaycia.com\/index.php?rest_route=\/wp\/v2\/posts\/7323\/revisions"}],"predecessor-version":[{"id":7333,"href":"https:\/\/www.manologarciaycia.com\/index.php?rest_route=\/wp\/v2\/posts\/7323\/revisions\/7333"}],"wp:attachment":[{"href":"https:\/\/www.manologarciaycia.com\/index.php?rest_route=%2Fwp%2Fv2%2Fmedia&parent=7323"}],"wp:term":[{"taxonomy":"category","embeddable":true,"href":"https:\/\/www.manologarciaycia.com\/index.php?rest_route=%2Fwp%2Fv2%2Fcategories&post=7323"},{"taxonomy":"post_tag","embeddable":true,"href":"https:\/\/www.manologarciaycia.com\/index.php?rest_route=%2Fwp%2Fv2%2Ftags&post=7323"}],"curies":[{"name":"wp","href":"https:\/\/api.w.org\/{rel}","templated":true}]}}