{"id":7320,"date":"2013-09-15T08:13:30","date_gmt":"2013-09-15T06:13:30","guid":{"rendered":"http:\/\/www.manologarciaycia.com\/?p=7320"},"modified":"2013-09-15T08:13:30","modified_gmt":"2013-09-15T06:13:30","slug":"qp-la-noche-del-galactico-dream-team","status":"publish","type":"post","link":"https:\/\/www.manologarciaycia.com\/?p=7320","title":{"rendered":"QP: La Noche del Gal\u00e1ctico \u2018Dream Team\u2019"},"content":{"rendered":"<p style=\"text-align: center;\"><img loading=\"lazy\" decoding=\"async\" class=\"size-full wp-image-7321 aligncenter\" alt=\"QP_S_O_Vang_13\" src=\"http:\/\/www.manologarciaycia.com\/wp-content\/uploads\/2013\/09\/QP_S_O_Vang_13.jpg\" width=\"717\" height=\"468\" srcset=\"https:\/\/www.manologarciaycia.com\/wp-content\/uploads\/2013\/09\/QP_S_O_Vang_13.jpg 717w, https:\/\/www.manologarciaycia.com\/wp-content\/uploads\/2013\/09\/QP_S_O_Vang_13-300x195.jpg 300w\" sizes=\"auto, (max-width: 717px) 100vw, 717px\" \/><em>Quimi Portet, Jaume Sisa y Joan Miquel Oliver abrieron el Mercat de M\u00fasica de Vic con un concierto m\u00e1gico.<\/em><\/p>\n<p>Fue la noche de un dream team gal\u00e1ctico la que vivi\u00f3 ayer el Mercat de M\u00fasica Viva de Vic en el concierto de apertura de su 25.\u00aa edici\u00f3n. Un acontecimiento importante en tiempos cicateros con la m\u00fasica popular, g\u00e9nero transversal por excelencia, que el director art\u00edstico del Mercat, Marc Lloret, y uno de sus predecesores, Ramon Muntaner, convirtieron en una velada \u00fanica y quiz\u00e1s irrepetible. Porque Jaume Sisa, Quimi Portet y Joan Miquel Oliver materializaron en arte y sensibilidad (y humor) el sue\u00f1o de compartir canciones y escenario. Lo hicieron en una escueta hora y cuarto en el Teatre L\u2019Atl\u00e0ntida de Vic \u2013lleno de aficionados, profesionales y alg\u00fan pol\u00edtico \u2013como el alcalde local, Josep Maria Vila d\u2019Abadal, y el presidente de la Diputaci\u00f3n de Barcelona, Salvador Esteve\u2013, en donde interpretaron 15 composiciones propias, repartidas proporcionalmente como buenos hermanos.<\/p>\n<p><\/p>\n<p>No se trat\u00f3 de un repertorio para asegurar, es decir, repleto de aquellas canciones consideradas como grandes \u00e9xitos, sino de una selecci\u00f3n de gusto personal en primer lugar y, despu\u00e9s, de ciertas concesiones para con el p\u00fablico. Arranc\u00f3 la noche con dos impecables relecturas de Paissatge amb anxova y Surfistes en c\u00e0mera lenta, la primera de Portet y la segunda del tambi\u00e9n l\u00edder del grupo Ant\u00f2nia Font. Fue en el inicio del tercer corte \u2013un Coristes i numism\u00e0tics (incluido en el \u00e1lbum El m\u00e9s gal\u00e0ctic, de Sisa) cuando apareci\u00f3 entre cerradas ovaciones el citado cantautor, ataviado con pantal\u00f3n, zapatos y camisa rojas, canotier y ganas de ejercer de maestro de ceremonias. Es decir, un papel que conoce y domina con estilo y dosificaci\u00f3n; volvi\u00f3 a demostrarlo. Adem\u00e1s, fueron algunas de sus canciones las que levantaron mayores dosis de emotividad entre los asistentes, algo tambi\u00e9n razonablemente l\u00f3gico dada la amplitud de su trayectoria y, sencillamente, por la inmensa calidad de bastantes composiciones suyas.<\/p>\n<p>El resto de las canciones que pudieron escucharse anoche fueron testimonio irrebatible de ese car\u00e1cter \u00fanico del concierto fiesta: la magn\u00edfica sinton\u00eda sonora e instrumental que demostraron a lo largo de todo el recital Oliver y Portet, gloriosos currantes que demostraron su condici\u00f3n de estrellas a su pesar; la qu\u00edmica genuina y cre\u00edble desplegada entre ellos con un m\u00fasico tan poli\u00e9drico como Sisa, y, finalmente, el importante trabajo musical desplegado con el dise\u00f1o del repertorio y con la relectura de 12 de las 15canciones ofrecidas (los tres \u00faltimos bises fueron interpretados en solitario por cada uno de los oficiantes). Todo ello redund\u00f3 en una ausencia absoluta de egos, en unas dosis de humor gal\u00e1ctico muy sucintas y en un \u00e9nfasis en el objetivo principal de la velada: disfrutar de algunas canciones espl\u00e9ndidas y transmitir esa sensaci\u00f3n a los presentes. Las sensaciones transmitidas durante la interpretaci\u00f3n de La primera comuni\u00f3 (una de las cumbres de Sisa, que no cant\u00f3 Qualsevol nit pot sortir el sol) ejemplarizaron con potencia ese objetivo.<\/p>\n<p>Junto a la argamasa r\u00edtmica cocinada por el bajista Antonio Fidel y el bater\u00eda, de Vic, Charly Oliver, el otro Oliver y Portet exhibieron excelente sinton\u00eda guitarr\u00edstica\u2013hermoso di\u00e1logo el\u00e9ctrico en La Rambla, otra de las cimas de la noche\u2013, numerosos momentos de generosidad art\u00edstica entre ellos y una calidad t\u00e9cnica de elevado list\u00f3n. La verdad es que el resultado fue tan satisfactorio por lo m\u00e1gico del momento y la circunstancia que ante los m\u00e1s que posibles futuros conciertos del tr\u00edo, uno se reafirma ante lo irrepetible de lo visto anoche.<\/p>\n<p>En otro orden de cosas, en un comunicado hecho p\u00fablico ayer, el concierto de presentaci\u00f3n del nuevo disco de Els Pets, L\u2019\u00c0rea petita, previsto para hoy, se ha suspendido por prescripci\u00f3n facultativa ante la \u201ccrisis de estr\u00e9s\u201d que padece el cantante del grupo, Llu\u00eds Gavald\u00e0. La suspensi\u00f3n tambi\u00e9n afecta a los siguientes conciertos anunciados en Tarragona, Sabadell y Lleida.<\/p>\n","protected":false},"excerpt":{"rendered":"<p>Quimi Portet, Jaume Sisa y Joan Miquel Oliver abrieron el Mercat de M\u00fasica de Vic con un concierto m\u00e1gico. Fue la noche de un dream team gal\u00e1ctico la que vivi\u00f3 ayer el Mercat de M\u00fasica Viva de Vic en el concierto de apertura de su 25.\u00aa edici\u00f3n. Un acontecimiento importante en tiempos cicateros con la<a class=\"moretag\" href=\"https:\/\/www.manologarciaycia.com\/?p=7320\" title=\"QP: La Noche del Gal\u00e1ctico \u2018Dream Team\u2019\" target=\"_self\" rel=\"follow\"> <font face=arial size=2>[Leer m\u00e1s]<\/font> <\/a><\/p>\n","protected":false},"author":2,"featured_media":0,"comment_status":"closed","ping_status":"closed","sticky":false,"template":"","format":"standard","meta":{"footnotes":""},"categories":[23,9],"tags":[],"class_list":["post-7320","post","type-post","status-publish","format-standard","hentry","category-otros","category-qumi-portet"],"_links":{"self":[{"href":"https:\/\/www.manologarciaycia.com\/index.php?rest_route=\/wp\/v2\/posts\/7320","targetHints":{"allow":["GET"]}}],"collection":[{"href":"https:\/\/www.manologarciaycia.com\/index.php?rest_route=\/wp\/v2\/posts"}],"about":[{"href":"https:\/\/www.manologarciaycia.com\/index.php?rest_route=\/wp\/v2\/types\/post"}],"author":[{"embeddable":true,"href":"https:\/\/www.manologarciaycia.com\/index.php?rest_route=\/wp\/v2\/users\/2"}],"replies":[{"embeddable":true,"href":"https:\/\/www.manologarciaycia.com\/index.php?rest_route=%2Fwp%2Fv2%2Fcomments&post=7320"}],"version-history":[{"count":1,"href":"https:\/\/www.manologarciaycia.com\/index.php?rest_route=\/wp\/v2\/posts\/7320\/revisions"}],"predecessor-version":[{"id":7322,"href":"https:\/\/www.manologarciaycia.com\/index.php?rest_route=\/wp\/v2\/posts\/7320\/revisions\/7322"}],"wp:attachment":[{"href":"https:\/\/www.manologarciaycia.com\/index.php?rest_route=%2Fwp%2Fv2%2Fmedia&parent=7320"}],"wp:term":[{"taxonomy":"category","embeddable":true,"href":"https:\/\/www.manologarciaycia.com\/index.php?rest_route=%2Fwp%2Fv2%2Fcategories&post=7320"},{"taxonomy":"post_tag","embeddable":true,"href":"https:\/\/www.manologarciaycia.com\/index.php?rest_route=%2Fwp%2Fv2%2Ftags&post=7320"}],"curies":[{"name":"wp","href":"https:\/\/api.w.org\/{rel}","templated":true}]}}