{"id":7317,"date":"2013-09-15T07:56:46","date_gmt":"2013-09-15T05:56:46","guid":{"rendered":"http:\/\/www.manologarciaycia.com\/?p=7317"},"modified":"2013-09-15T07:56:46","modified_gmt":"2013-09-15T05:56:46","slug":"qp-el-mercat-de-musica-viva-subio-el-telon-con-el-trio-sisa-quimi-portet-i-oliver","status":"publish","type":"post","link":"https:\/\/www.manologarciaycia.com\/?p=7317","title":{"rendered":"QP: El \u00abMercat de M\u00fasica Viva\u00bb subi\u00f3 el tel\u00f3n con el trio Sisa, Quimi Portet i Oliver"},"content":{"rendered":"<p><iframe loading=\"lazy\" id=\"iframe_chapter\" src=\"http:\/\/el9tv.xiptv.cat\/embed\/114371?iframe_width=652&amp;share=&amp;iframe_height=400&amp;height=354&amp;width=630\" name=\"iframe_chapter\" width=\"652\" height=\"354\" frameborder=\"0\" scrolling=\"no\"><\/iframe><\/p>\n<p>Las tres figuras levantaron mucha expectaci\u00f3n en un concierto in\u00e9dito que tuvo lugar en la Sala Ramon Montany\u00e0 de la Atl\u00e1ntida. El tr\u00edo ofreci\u00f3 el espect\u00e1culo &#8216;Canci\u00f3n gal\u00e1ctica, intercomarcal y de ultramar&#8217; que dio por inaugurada la 25 \u00aa edici\u00f3n del mercado. 56 conciertos conforman la programaci\u00f3n oficial de esta edici\u00f3n que se alargar\u00e1 hasta el domingo. Entre las actuaciones m\u00e1s esperadas hay Gansos Grasas, Che Sudaka y Macaco, que esta noche estrenar\u00e1n el escenario que cambia de ubicaci\u00f3n dentro de la Plaza Mayor.<\/p>\n<p><\/p>\n<p>Tambi\u00e9n en la Plaza Mayor, el s\u00e1bado, actuar\u00e1n El Petit de Cal Eril, Delaf\u00e9 y Las Flotas Azules y Perros. Al Az\u00facar, hoy la noche se dedicar\u00e1 al rock y ma\u00f1ana al hip-hop. Esta es la parte denominada festival, pensada para el gran p\u00fablico, que se ha readaptado a la reducci\u00f3n de los 90.000 euros de presupuesto.<\/p>\n<p>El otro gran eje de la programaci\u00f3n, la MV Lab, es de pago, se dirige m\u00e1s al millar de profesionales acreditados y se concentra en la Atl\u00e1ntida y en la Jazz Cava.<\/p>\n<p>El mercado llevar\u00e1 a Catalu\u00f1a propuestas consolidadas internacionalmente como las de Gari, Valentina o Carmen Souza, u otros, como la Iaia o Refree, que presentar\u00e1n nuevo disco en el mercado.<br \/>\nEsta noche, en la Atl\u00e1ntida, se presentar\u00e1 el proyecto de Maria Coma, ganadora del premio Puig Porret del a\u00f1o pasado. Otro cambio de esta edici\u00f3n es la desaparici\u00f3n de la Invictro, que durante muchos a\u00f1os ha liderado la parte off del mercado.<\/p>\n<p>La ciudad espera recibir un n\u00famero de visitantes similares a los de la pasada edici\u00f3n, cuando pasaron por Vic m\u00e1s de 100.000 personas. Los conciertos, el s\u00e1bado y el domingo se completar\u00e1n en la Plaza de la Catedral, en la Jazz Cava, en el espacio anexo del Hotel Can Pamplona, ya otros escenarios &#8216;off&#8217; del mercado. El concierto de los Pets, que hoy deb\u00eda presentar nuevo disco, se ha suspendido la programaci\u00f3n.<\/p>\n<p>Fuente: Elnou9 &#8211; <a href='http:\/\/www.el9nou.cat\/noticies_o_0\/32395\/mercat_musica_viva_obrir_telo_amb_trio_format' target=_new>ENLACE<\/a> &#8211; En Catal\u00e0<\/p>\n","protected":false},"excerpt":{"rendered":"<p>Las tres figuras levantaron mucha expectaci\u00f3n en un concierto in\u00e9dito que tuvo lugar en la Sala Ramon Montany\u00e0 de la Atl\u00e1ntida. El tr\u00edo ofreci\u00f3 el espect\u00e1culo &#8216;Canci\u00f3n gal\u00e1ctica, intercomarcal y de ultramar&#8217; que dio por inaugurada la 25 \u00aa edici\u00f3n del mercado. 56 conciertos conforman la programaci\u00f3n oficial de esta edici\u00f3n que se alargar\u00e1 hasta<a class=\"moretag\" href=\"https:\/\/www.manologarciaycia.com\/?p=7317\" title=\"QP: El \u00abMercat de M\u00fasica Viva\u00bb subi\u00f3 el tel\u00f3n con el trio Sisa, Quimi Portet i Oliver\" target=\"_self\" rel=\"follow\"> <font face=arial size=2>[Leer m\u00e1s]<\/font> <\/a><\/p>\n","protected":false},"author":2,"featured_media":0,"comment_status":"closed","ping_status":"closed","sticky":false,"template":"","format":"standard","meta":{"footnotes":""},"categories":[23,9],"tags":[],"class_list":["post-7317","post","type-post","status-publish","format-standard","hentry","category-otros","category-qumi-portet"],"_links":{"self":[{"href":"https:\/\/www.manologarciaycia.com\/index.php?rest_route=\/wp\/v2\/posts\/7317","targetHints":{"allow":["GET"]}}],"collection":[{"href":"https:\/\/www.manologarciaycia.com\/index.php?rest_route=\/wp\/v2\/posts"}],"about":[{"href":"https:\/\/www.manologarciaycia.com\/index.php?rest_route=\/wp\/v2\/types\/post"}],"author":[{"embeddable":true,"href":"https:\/\/www.manologarciaycia.com\/index.php?rest_route=\/wp\/v2\/users\/2"}],"replies":[{"embeddable":true,"href":"https:\/\/www.manologarciaycia.com\/index.php?rest_route=%2Fwp%2Fv2%2Fcomments&post=7317"}],"version-history":[{"count":1,"href":"https:\/\/www.manologarciaycia.com\/index.php?rest_route=\/wp\/v2\/posts\/7317\/revisions"}],"predecessor-version":[{"id":7318,"href":"https:\/\/www.manologarciaycia.com\/index.php?rest_route=\/wp\/v2\/posts\/7317\/revisions\/7318"}],"wp:attachment":[{"href":"https:\/\/www.manologarciaycia.com\/index.php?rest_route=%2Fwp%2Fv2%2Fmedia&parent=7317"}],"wp:term":[{"taxonomy":"category","embeddable":true,"href":"https:\/\/www.manologarciaycia.com\/index.php?rest_route=%2Fwp%2Fv2%2Fcategories&post=7317"},{"taxonomy":"post_tag","embeddable":true,"href":"https:\/\/www.manologarciaycia.com\/index.php?rest_route=%2Fwp%2Fv2%2Ftags&post=7317"}],"curies":[{"name":"wp","href":"https:\/\/api.w.org\/{rel}","templated":true}]}}