{"id":729,"date":"2010-09-08T09:23:51","date_gmt":"2010-09-08T08:23:51","guid":{"rendered":"http:\/\/petaos.net\/?p=729"},"modified":"2010-09-08T09:26:54","modified_gmt":"2010-09-08T08:26:54","slug":"mg-mas-que-posible-colaboracion-en-dueto-virtual-con-rocio-durcal","status":"publish","type":"post","link":"https:\/\/www.manologarciaycia.com\/?p=729","title":{"rendered":"MG: \u00bfDueto &#8216;virtual&#8217; con Roc\u00edo Durcal para Navidad?"},"content":{"rendered":"<p><img decoding=\"async\" src=\"file:\/\/\/C:\/Users\/n034177\/AppData\/Local\/Temp\/moz-screenshot.png\" alt=\"\" \/>Seg\u00fan El Mundo, en su suplemento La Otra Cr\u00f3nica del pasado s\u00e1bado 4\/9\/2010, Manolo Garc\u00eda colaborar\u00e1 en un nuevo disco de Rocio Durcal (duetos virtuales al parecer) que Sony y Junior (viudo de) est\u00e1n preparando para Navidad. Al parecer tambi\u00e9n participar\u00e1 Thalia, Il Divo, Sabina y Junior de entre otros.<\/p>\n<p>\u00abMANOLO GARC\u00cdA. Ha interpretado varios temas de la D\u00farcal a lo largo de su carrera, como el gran \u00e9xito Luz de luna, La media vuelta o Cuando yo quiera has de volver. El artista espa\u00f1ol podr\u00eda estar grabando en estos momentos una de estas canciones, que completar\u00e1 un disco plagado de grandes voces.\u00bb<\/p>\n<p>\u00abRoc\u00edo Durcal &#8211; La Gallina de los Discos de Oro\u00bb. Fuente: El Mundo.<br \/>\n<strong><em>Mientras los herederos siguen litigando por la herencia, Sony y Junior preparan un \u00e1lbum de duetos para Navidad.<\/em><\/strong><\/p>\n<p>No es de extra\u00f1ar que despu\u00e9s de la muerte de una cantante de renombre, la familia y la productora saquen jugo a su legado para crear discos exitosos.<\/p>\n<p>Roc\u00edo D\u00farcal fue una cantante y actriz de las de anta\u00f1o, que forj\u00f3 una trayectoria profesional de m\u00e1s de 50 a\u00f1os de \u00e9xito y pas\u00f3 la mayor parte de su vida trabajando para los suyos.<\/p>\n<p>Tras su muerte y apertura del testamento, aquella familia id\u00edlica por la que tanto trabaj\u00f3 la espa\u00f1ola m\u00e1s mexicana, se diluy\u00f3 en la sombra para iluminarse a base de revistas del coraz\u00f3n.<\/p>\n<p>Como si de la mism\u00edsima caja de pandora se tratara, aquel testamento sac\u00f3 a la luz de los focos multitud de propiedades y cuentas bancarias no declaradas. La brutal guerra por la herencia no entiende de hijos ni de padres, y cuatro a\u00f1os despu\u00e9s de la muerte de la cantante sigue dando de qu\u00e9 hablar. Esta semana los Morales est\u00e1n de actualidad por la posible venta en 2008 de dos apartamentos en Miami, que Junior vendi\u00f3 sin el consentimiento de sus v\u00e1stagos.<\/p>\n<p>En medio de esta mara\u00f1a de juzgados y declaraciones, a la mitad de la familia D\u00farcal le da por cantar. Al parecer, Sony est\u00e1 elaborando el segundo disco p\u00f3stumo de la cantante.<\/p>\n<p>En 2009 sali\u00f3 al mercado un trabajo en donde se recopilaban 59 temas interpretados por Roc\u00edo, y con la novedad de un d\u00fao virtual con su esposo, as\u00ed como con su hija Shaila. Un a\u00f1o despu\u00e9s, en 2010, la compa\u00f1\u00eda de cabecera de la artista fallecida est\u00e1 inmersa en la creaci\u00f3n de un nuevo disco que saldr\u00e1 al mercado por Navidad.<\/p>\n<p>El futuroproyecto consta de una serie de duetos virtuales donde se utiliza la tecnolog\u00eda m\u00e1s avanzada para mezclar la voz de la D\u00farcal con diferentes cantantes del panorama nacional e internacional. La obra se est\u00e1 gestando y la lista de artistas no est\u00e1 completamente cerrada, por lo que podr\u00eda sufrir alg\u00fan tipo de variaci\u00f3n.<\/p>\n<p>Al parecer, el elenco de voces ser\u00eda muy amplio y tendr\u00eda sorpresas muy agradables como Thal\u00eda, Il Divo o Julio Iglesias. La aparici\u00f3n estrella del proyecto podr\u00edamos encontrarla en un dueto entre dos de las grandes cantantes de Espa\u00f1a, la D\u00farcal y la Jurado.<\/p>\n<p>El productor, Joaqu\u00edn Torres, ha expresado la idea de intentar unir las voces de estas dos artistas ya fallecidas para crear una canci\u00f3n de \u00e9sas que ponen el vello de punta.<\/p>\n<p><em><strong>\u00abGRATUITO\u00bb<\/strong><\/em><\/p>\n<p>La realizaci\u00f3n cuenta con la aprobaci\u00f3n del viudo y de su hija Shaila, quien participar\u00e1 en uno de los duetos. Seg\u00fan declaraciones de Antonio Morales para LOC: \u00abMi colaboraci\u00f3n es totalmente gratuita, la mayor remuneraci\u00f3n econ\u00f3mica que espero obtener es que el disco salga como deseo. Es un trabajo hecho con todo el cari\u00f1o del mundo, es mi regalo a Marieta\u00bb. Junior, que supervisa directamente el proyecto, asegur\u00f3 a esta revista que \u00e9ste es el \u00faltimo disco que grabar\u00eda de su esposa, ya que quiere dedicarse a una vida tranquila y a cuidar de su peque\u00f1a, Shaila.<\/p>\n<p>Sus dos hijos mayores, Carmen y Antonio, no participan en este escenario musical, pero s\u00ed se beneficiar\u00e1n de parte de la recaudaci\u00f3n que el futuro disco obtenga. Si Marieta fue en vida el pilar econ\u00f3mico de su familia, no lo est\u00e1 siendo menos despu\u00e9s de su muerte. La se\u00f1ora de la canci\u00f3n no fue autora de sus temas, fue int\u00e9rprete. La mayor\u00eda de sus \u00e9xitos fueron creados por el cantante mexicano Juan Gabriel.<\/p>\n<p>Por este motivo, las ganacias de este proyecto se repartir\u00e1n entre los autores de los temas, los colaboradores, la productora y los herederos de la artista, que incluye a hijos y viudo. El esp\u00edritu de la Navidad conseguir\u00e1 que los D\u00farcal vuelvan a estar unidos aunque sea virtualmente.<\/p>\n<p>Los duetos ir\u00e1n acompa\u00f1ados de un \u00e1lbum de fotos in\u00e9ditas y de v\u00eddeos personales de la familia. Entre las im\u00e1genes que Junior ha cedido para el proyecto se encuentran escenas \u00edntimas, donde aparecer\u00e1n los Morales al completo: padres, hijos e incluso nietos. Estas antiguas escenas de felicidad han quedado en el recuerdo, ya que el panorama actual apunta a que los Morales no se reunir\u00e1n alrededor de la mesa en Navidad y mucho menos para cantar.<\/p>\n<p><em><strong>COLABORAN<\/strong><\/em><\/p>\n<p>THAL\u00cdA. Ha accedido a colaborar con el disco e incluso ya ha grabado la primera canci\u00f3n. M\u00e9xico es el pa\u00eds donde adoraban a la D\u00farcal, por lo que se espera que el n\u00famero de voces mexicanas sea numeroso. Entre los cantantes que podr\u00edan haber confirmado su colaboraci\u00f3n se encuentra Alejandro Fern\u00e1ndez.<\/p>\n<p>MANOLO GARC\u00cdA. Ha interpretado varios temas de la D\u00farcal a lo largo de su carrera, como el gran \u00e9xito Luz de luna, La media vuelta o Cuando yo quiera has de volver. El artista espa\u00f1ol podr\u00eda estar grabando en estos momentos una de estas canciones, que completar\u00e1 un disco plagado de grandes voces y magn\u00edficos artistas.<\/p>\n<p>Il DIVO. Es uno de los factores sorpresa. El notorio grupo de m\u00fasica italiana nunca cant\u00f3 con la espa\u00f1ola en vida de \u00e9sta. La tecnolog\u00eda avanzada con la que se est\u00e1 realizando el disco permite dar rienda suelta a la imaginaci\u00f3n de los productores. Il Divo habr\u00eda aceptado mezclar su voz con la de la D\u00farcal como regalo para estas navidades.<\/p>\n<p>SABINA. Con el que la artista manten\u00eda una estupenda relaci\u00f3n es uno de los candidatos a este disco. Aunque seg\u00fan declaraciones de Sabina, a d\u00eda de hoy no tiene noticia de la creaci\u00f3n de este proyecto, es posible que se utilice una de sus versiones de la canci\u00f3n Y nos dieron las diez reinventada especialmente para este disco<\/p>\n<p>JUNIOR. Impulsor y constante supervisor de este proyecto, que est\u00e1 realizando junto con su amigo y productor, Joaqu\u00edn Torres. Ambos se encargan de realizar un disco plagado de recuerdos y de cari\u00f1o. Junior no pod\u00eda dejar pasar la posibilidad de cantar y de formar otro de los duetos con su querida Marieta.<\/p>\n<p>Fuente: La otra cr\u00f3nica &#8211; El Mundo<\/p>\n","protected":false},"excerpt":{"rendered":"<p>Seg\u00fan El Mundo, en su suplemento La Otra Cr\u00f3nica del pasado s\u00e1bado 4\/9\/2010, Manolo Garc\u00eda colaborar\u00e1 en un nuevo disco de Rocio Durcal (duetos virtuales al parecer) que Sony y Junior (viudo de) est\u00e1n preparando para Navidad. Al parecer tambi\u00e9n participar\u00e1 Thalia, Il Divo, Sabina y Junior de entre otros. \u00abMANOLO GARC\u00cdA. Ha interpretado varios<a class=\"moretag\" href=\"https:\/\/www.manologarciaycia.com\/?p=729\" title=\"MG: \u00bfDueto &#8216;virtual&#8217; con Roc\u00edo Durcal para Navidad?\" target=\"_self\" rel=\"follow\"> <font face=arial size=2>[Leer m\u00e1s]<\/font> <\/a><\/p>\n","protected":false},"author":2,"featured_media":0,"comment_status":"closed","ping_status":"closed","sticky":false,"template":"","format":"standard","meta":{"footnotes":""},"categories":[1],"tags":[126],"class_list":["post-729","post","type-post","status-publish","format-standard","hentry","category-manolo-garcia","tag-manolo-garcia-rocio-durcal-recopilatorio-disco-duetos"],"_links":{"self":[{"href":"https:\/\/www.manologarciaycia.com\/index.php?rest_route=\/wp\/v2\/posts\/729","targetHints":{"allow":["GET"]}}],"collection":[{"href":"https:\/\/www.manologarciaycia.com\/index.php?rest_route=\/wp\/v2\/posts"}],"about":[{"href":"https:\/\/www.manologarciaycia.com\/index.php?rest_route=\/wp\/v2\/types\/post"}],"author":[{"embeddable":true,"href":"https:\/\/www.manologarciaycia.com\/index.php?rest_route=\/wp\/v2\/users\/2"}],"replies":[{"embeddable":true,"href":"https:\/\/www.manologarciaycia.com\/index.php?rest_route=%2Fwp%2Fv2%2Fcomments&post=729"}],"version-history":[{"count":5,"href":"https:\/\/www.manologarciaycia.com\/index.php?rest_route=\/wp\/v2\/posts\/729\/revisions"}],"predecessor-version":[{"id":734,"href":"https:\/\/www.manologarciaycia.com\/index.php?rest_route=\/wp\/v2\/posts\/729\/revisions\/734"}],"wp:attachment":[{"href":"https:\/\/www.manologarciaycia.com\/index.php?rest_route=%2Fwp%2Fv2%2Fmedia&parent=729"}],"wp:term":[{"taxonomy":"category","embeddable":true,"href":"https:\/\/www.manologarciaycia.com\/index.php?rest_route=%2Fwp%2Fv2%2Fcategories&post=729"},{"taxonomy":"post_tag","embeddable":true,"href":"https:\/\/www.manologarciaycia.com\/index.php?rest_route=%2Fwp%2Fv2%2Ftags&post=729"}],"curies":[{"name":"wp","href":"https:\/\/api.w.org\/{rel}","templated":true}]}}