{"id":7255,"date":"2013-08-26T08:03:06","date_gmt":"2013-08-26T06:03:06","guid":{"rendered":"http:\/\/www.manologarciaycia.com\/?p=7255"},"modified":"2013-08-26T08:05:03","modified_gmt":"2013-08-26T06:05:03","slug":"qp-bidasoa-folk-se-cierra-en-irun-con-el-concierto-de-quimi-portet-y-su-grupo","status":"publish","type":"post","link":"https:\/\/www.manologarciaycia.com\/?p=7255","title":{"rendered":"QP: Bidasoa Folk se cierra en Irun con el concierto de Quimi Portet y su grupo"},"content":{"rendered":"<p><img loading=\"lazy\" decoding=\"async\" class=\"alignleft\" alt=\"\" src=\"http:\/\/www.diariovasco.com\/prensa\/noticias\/201308\/24\/fotos\/22015170.jpg\" width=\"300\" height=\"430\" \/> La XIII edici\u00f3n del festival Bidasoa Folk, &#8216;La m\u00fasica contigo&#8217;, contin\u00faa hoy en el front\u00f3n Gaztelu Zahar de Hendaya con los conciertos de Martha Mavroidi Trio desde Grecia a las 21.00 horas, y de Kalakan a las 22.30 horas, grupo del Pa\u00eds Vasco franc\u00e9s. El plato fuerte del festival tendr\u00e1 lugar ma\u00f1ana domingo, a las 21.00 horas, en la plaza Urdanibia de Irun, con la actuaci\u00f3n del guitarrista y compositor catal\u00e1n Quimi Portet. Este a\u00f1o se a\u00f1ade m\u00e1s actividad a la programaci\u00f3n. La organizaci\u00f3n se ha puesto en contacto con m\u00fasicos de la comarca para enriquecer m\u00e1s la oferta musical. De esta manera, ma\u00f1ana, a partir de las 19.30 horas, habr\u00e1 kalejira en la plaza Urdanibia, a cargo de los trikitilaris y panderos.<\/p>\n<p>El coordinador general del festival, Javier Gonz\u00e1lez, explicaba c\u00f3mo se hab\u00eda producido el contacto con Quimi Portet: \u00abFue a trav\u00e9s de su manager, porque ya trajimos alg\u00fan grupo de este mismo representante al festival. El manager de Quimi trajo un grupo nuevo de los Balcanes, y vino tres d\u00edas al festival hace dos a\u00f1os. El a\u00f1o pasado volvi\u00f3 y le gust\u00f3 mucho el formato de Bidasoa Folk. Entonces, entre que Quimi no hab\u00eda tocado mucho en Euskadi y lo bien que le habl\u00f3 su manager del festival, pues ha querido venir con un &#8216;cach\u00e9&#8217; diferente\u00bb.<\/p>\n<p>Seg\u00fan el coordinador, \u00abal margen de lo conocido que fue como compositor y componente del grupo El \u00faltimo de la fila, Portet est\u00e1 considerado \u00abentre los mejores compositores e instrumentalistas que existen actualmente en todo el Estado. Quimi Portet es a nivel de composici\u00f3n e instrumentaci\u00f3n un &#8216;top&#8217;\u00bb, a\u00f1ade Javier Gonz\u00e1lez.<\/p>\n<p>\nLos temas de su \u00faltimo disco &#8216;Oh my love&#8217; centrar\u00e1n el concierto de Quimi Portet en la plaza de Urdanibia, aunque el m\u00fasico catal\u00e1n tambi\u00e9n interpretar\u00e1 canciones de otros discos anteriores. Portet se hizo popular con El \u00faltimo de la fila, junto a Manolo Garc\u00eda. Tras la disoluci\u00f3n de la banda, en 1998, Quimi Portet continu\u00f3 con su carrera musical en solitario, que le ha llevado a grabar ocho discos.<\/p>\n<p><strong> Final de gira<\/strong><\/p>\n<p>El concierto que ofrecer\u00e1 el m\u00fasico catal\u00e1n en Irun, dentro del festival Bidasoa Folk ser\u00e1 una de las \u00faltimas actuaciones en su gira con &#8216;Oh my love&#8217;. De regreso a Catalu\u00f1a, ofrecer\u00e1 un par de conciertos m\u00e1s y se centrar\u00e1 en la creaci\u00f3n del que ser\u00e1 su noveno disco, en el que ya est\u00e1 trabajando.<\/p>\n<p>Javier Gonz\u00e1lez explicaba que Bidasoa Folk es \u00abun festival de m\u00fasica \u00e9tnica y contempor\u00e1nea, por lo tanto traemos artistas de todos los lugares del mundo: \u00c1frica, Asia&#8230; Este a\u00f1o la presencia euskaldun es m\u00e1s importante que en otras ediciones. Generalmente, siempre solemos programar un grupo euskaldun dentro del festival\u00bb. En lo que respecta a los conciertos de Irun, el festival ha tenido varios escenarios. El festival naci\u00f3 en el escenario que ten\u00eda montado el Ayuntamiento en el front\u00f3n de Santiago. Despu\u00e9s, se traslad\u00f3 a la plaza de Urdanibia, probando un a\u00f1o en la plaza del Junkal.<\/p>\n<p>Gonz\u00e1lez asegura que los tres espacios son id\u00f3neos para la m\u00fasica ac\u00fastica, y destaca el concierto del a\u00f1o pasado de Paco Iba\u00f1ez como el m\u00e1s numeroso de todos. \u00abCalculamos que pod\u00eda llegar a haber entre 2.000 y 2.500 personas. Este a\u00f1o con Quimi Portet esperamos que venga gente, porque el p\u00fablico de Irun es muy entendido a nivel musical\u00bb.<\/p>\n<p>Fuente: Diaro Vasco &#8211; <a href=\"http:\/\/www.diariovasco.com\/v\/20130824\/bidasoa\/bidasoa-folk-cierra-irun-20130824.html\" target=\"_blank\">ENLACE<\/a><\/p>\n","protected":false},"excerpt":{"rendered":"<p>La XIII edici\u00f3n del festival Bidasoa Folk, &#8216;La m\u00fasica contigo&#8217;, contin\u00faa hoy en el front\u00f3n Gaztelu Zahar de Hendaya con los conciertos de Martha Mavroidi Trio desde Grecia a las 21.00 horas, y de Kalakan a las 22.30 horas, grupo del Pa\u00eds Vasco franc\u00e9s. El plato fuerte del festival tendr\u00e1 lugar ma\u00f1ana domingo, a las<a class=\"moretag\" href=\"https:\/\/www.manologarciaycia.com\/?p=7255\" title=\"QP: Bidasoa Folk se cierra en Irun con el concierto de Quimi Portet y su grupo\" target=\"_self\" rel=\"follow\"> <font face=arial size=2>[Leer m\u00e1s]<\/font> <\/a><\/p>\n","protected":false},"author":2,"featured_media":0,"comment_status":"closed","ping_status":"closed","sticky":false,"template":"","format":"standard","meta":{"footnotes":""},"categories":[9],"tags":[],"class_list":["post-7255","post","type-post","status-publish","format-standard","hentry","category-qumi-portet"],"_links":{"self":[{"href":"https:\/\/www.manologarciaycia.com\/index.php?rest_route=\/wp\/v2\/posts\/7255","targetHints":{"allow":["GET"]}}],"collection":[{"href":"https:\/\/www.manologarciaycia.com\/index.php?rest_route=\/wp\/v2\/posts"}],"about":[{"href":"https:\/\/www.manologarciaycia.com\/index.php?rest_route=\/wp\/v2\/types\/post"}],"author":[{"embeddable":true,"href":"https:\/\/www.manologarciaycia.com\/index.php?rest_route=\/wp\/v2\/users\/2"}],"replies":[{"embeddable":true,"href":"https:\/\/www.manologarciaycia.com\/index.php?rest_route=%2Fwp%2Fv2%2Fcomments&post=7255"}],"version-history":[{"count":3,"href":"https:\/\/www.manologarciaycia.com\/index.php?rest_route=\/wp\/v2\/posts\/7255\/revisions"}],"predecessor-version":[{"id":7258,"href":"https:\/\/www.manologarciaycia.com\/index.php?rest_route=\/wp\/v2\/posts\/7255\/revisions\/7258"}],"wp:attachment":[{"href":"https:\/\/www.manologarciaycia.com\/index.php?rest_route=%2Fwp%2Fv2%2Fmedia&parent=7255"}],"wp:term":[{"taxonomy":"category","embeddable":true,"href":"https:\/\/www.manologarciaycia.com\/index.php?rest_route=%2Fwp%2Fv2%2Fcategories&post=7255"},{"taxonomy":"post_tag","embeddable":true,"href":"https:\/\/www.manologarciaycia.com\/index.php?rest_route=%2Fwp%2Fv2%2Ftags&post=7255"}],"curies":[{"name":"wp","href":"https:\/\/api.w.org\/{rel}","templated":true}]}}