{"id":724,"date":"2010-09-06T08:20:30","date_gmt":"2010-09-06T07:20:30","guid":{"rendered":"http:\/\/petaos.net\/?p=724"},"modified":"2010-09-06T08:46:17","modified_gmt":"2010-09-06T07:46:17","slug":"mg-confirmada-colaboracion-con-ojos-de-brujo","status":"publish","type":"post","link":"https:\/\/www.manologarciaycia.com\/?p=724","title":{"rendered":"MG: Confirmada colaboraci\u00f3n con Ojos de Brujo"},"content":{"rendered":"<p>Tal y como adelantamos en su d\u00eda, y tal y como confirma Marina de Ojos de Brujo en una entrevista del pasado jueves, Manolo Garc\u00eda particia en el nuevo disco de Ojos de Brujo.<\/p>\n<p><em><strong>\u00ab-\u00bfHabr\u00e1 un par\u00f3n de Ojos de Brujo?<\/strong><\/em><\/p>\n<p><em>-No, qu\u00e9 va. En octubre sacamos la antolog\u00eda <\/em><em>Corriente vital, con  d\u00faos con Estopa, Manolo Garc\u00eda, Amaral, Jorge Drexler, Bebe&#8230;, y  saldremos de gira un a\u00f1o o a\u00f1o y medio. Luego s\u00ed que me gustar\u00eda parar,  que todos hici\u00e9ramos cosas y nos renov\u00e1ramos.\u00bb<\/em><\/p>\n<p>Fuente: El Per\u00edodico &#8211; Post de Luismi en el foro de Manoleros (gracias!)<\/p>\n","protected":false},"excerpt":{"rendered":"<p>Tal y como adelantamos en su d\u00eda, y tal y como confirma Marina de Ojos de Brujo en una entrevista del pasado jueves, Manolo Garc\u00eda particia en el nuevo disco de Ojos de Brujo. \u00ab-\u00bfHabr\u00e1 un par\u00f3n de Ojos de Brujo? -No, qu\u00e9 va. En octubre sacamos la antolog\u00eda Corriente vital, con d\u00faos con Estopa,<a class=\"moretag\" href=\"https:\/\/www.manologarciaycia.com\/?p=724\" title=\"MG: Confirmada colaboraci\u00f3n con Ojos de Brujo\" target=\"_self\" rel=\"follow\"> <font face=arial size=2>[Leer m\u00e1s]<\/font> <\/a><\/p>\n","protected":false},"author":2,"featured_media":0,"comment_status":"closed","ping_status":"closed","sticky":false,"template":"","format":"standard","meta":{"footnotes":""},"categories":[1,23],"tags":[125],"class_list":["post-724","post","type-post","status-publish","format-standard","hentry","category-manolo-garcia","category-otros","tag-manolo-garcia-ojos-brujo-duo-colaboracion"],"_links":{"self":[{"href":"https:\/\/www.manologarciaycia.com\/index.php?rest_route=\/wp\/v2\/posts\/724","targetHints":{"allow":["GET"]}}],"collection":[{"href":"https:\/\/www.manologarciaycia.com\/index.php?rest_route=\/wp\/v2\/posts"}],"about":[{"href":"https:\/\/www.manologarciaycia.com\/index.php?rest_route=\/wp\/v2\/types\/post"}],"author":[{"embeddable":true,"href":"https:\/\/www.manologarciaycia.com\/index.php?rest_route=\/wp\/v2\/users\/2"}],"replies":[{"embeddable":true,"href":"https:\/\/www.manologarciaycia.com\/index.php?rest_route=%2Fwp%2Fv2%2Fcomments&post=724"}],"version-history":[{"count":3,"href":"https:\/\/www.manologarciaycia.com\/index.php?rest_route=\/wp\/v2\/posts\/724\/revisions"}],"predecessor-version":[{"id":726,"href":"https:\/\/www.manologarciaycia.com\/index.php?rest_route=\/wp\/v2\/posts\/724\/revisions\/726"}],"wp:attachment":[{"href":"https:\/\/www.manologarciaycia.com\/index.php?rest_route=%2Fwp%2Fv2%2Fmedia&parent=724"}],"wp:term":[{"taxonomy":"category","embeddable":true,"href":"https:\/\/www.manologarciaycia.com\/index.php?rest_route=%2Fwp%2Fv2%2Fcategories&post=724"},{"taxonomy":"post_tag","embeddable":true,"href":"https:\/\/www.manologarciaycia.com\/index.php?rest_route=%2Fwp%2Fv2%2Ftags&post=724"}],"curies":[{"name":"wp","href":"https:\/\/api.w.org\/{rel}","templated":true}]}}