{"id":721,"date":"2010-09-02T08:55:33","date_gmt":"2010-09-02T07:55:33","guid":{"rendered":"http:\/\/petaos.net\/?p=721"},"modified":"2010-09-02T08:55:33","modified_gmt":"2010-09-02T07:55:33","slug":"mg-curiosidad-sobre-de-mares-y-visiones","status":"publish","type":"post","link":"https:\/\/www.manologarciaycia.com\/?p=721","title":{"rendered":"MG: Curiosidad sobre \u00abDe mares y visiones\u00bb"},"content":{"rendered":"<p>Manolo Garc\u00eda ya hab\u00eda utilizado en el a\u00f1o 2000 el t\u00edtulo \u00abDe mares y visiones\u00bb aunque no para un disco, sino para una exposici\u00f3n de cuadros:<\/p>\n<p><em><strong>\u00abEP, Almer\u00eda<\/strong> <em><\/em>14\/10\/2000<\/em><\/p>\n<p><em>El cantante <strong>Manolo Garc\u00eda, <\/strong>m\u00e1s conocido como m\u00fasico y componente  del desaparecido grupo El \u00daltimo de la Fila, expondr\u00e1 desde el martes (17\/10\/2000) su  obra pict\u00f3rica en el Patio de Luces de la Diputaci\u00f3n de Almer\u00eda bajo el  t\u00edtulo <em>De mares y visiones<\/em>. Esta muestra recoger\u00e1 un cincuentena de obras realizadas en los \u00faltimos a\u00f1os en diferentes t\u00e9cnicas.-\u00ab<\/em><\/p>\n<p>Fuente: El Pa\u00eds 14\/10\/2000<\/p>\n","protected":false},"excerpt":{"rendered":"<p>Manolo Garc\u00eda ya hab\u00eda utilizado en el a\u00f1o 2000 el t\u00edtulo \u00abDe mares y visiones\u00bb aunque no para un disco, sino para una exposici\u00f3n de cuadros: \u00abEP, Almer\u00eda 14\/10\/2000 El cantante Manolo Garc\u00eda, m\u00e1s conocido como m\u00fasico y componente del desaparecido grupo El \u00daltimo de la Fila, expondr\u00e1 desde el martes (17\/10\/2000) su obra pict\u00f3rica<a class=\"moretag\" href=\"https:\/\/www.manologarciaycia.com\/?p=721\" title=\"MG: Curiosidad sobre \u00abDe mares y visiones\u00bb\" target=\"_self\" rel=\"follow\"> <font face=arial size=2>[Leer m\u00e1s]<\/font> <\/a><\/p>\n","protected":false},"author":2,"featured_media":0,"comment_status":"closed","ping_status":"closed","sticky":false,"template":"","format":"standard","meta":{"footnotes":""},"categories":[1],"tags":[124],"class_list":["post-721","post","type-post","status-publish","format-standard","hentry","category-manolo-garcia","tag-mares-visiones-nuevo-disco-recopilatorio-manolo-garcia"],"_links":{"self":[{"href":"https:\/\/www.manologarciaycia.com\/index.php?rest_route=\/wp\/v2\/posts\/721","targetHints":{"allow":["GET"]}}],"collection":[{"href":"https:\/\/www.manologarciaycia.com\/index.php?rest_route=\/wp\/v2\/posts"}],"about":[{"href":"https:\/\/www.manologarciaycia.com\/index.php?rest_route=\/wp\/v2\/types\/post"}],"author":[{"embeddable":true,"href":"https:\/\/www.manologarciaycia.com\/index.php?rest_route=\/wp\/v2\/users\/2"}],"replies":[{"embeddable":true,"href":"https:\/\/www.manologarciaycia.com\/index.php?rest_route=%2Fwp%2Fv2%2Fcomments&post=721"}],"version-history":[{"count":2,"href":"https:\/\/www.manologarciaycia.com\/index.php?rest_route=\/wp\/v2\/posts\/721\/revisions"}],"predecessor-version":[{"id":723,"href":"https:\/\/www.manologarciaycia.com\/index.php?rest_route=\/wp\/v2\/posts\/721\/revisions\/723"}],"wp:attachment":[{"href":"https:\/\/www.manologarciaycia.com\/index.php?rest_route=%2Fwp%2Fv2%2Fmedia&parent=721"}],"wp:term":[{"taxonomy":"category","embeddable":true,"href":"https:\/\/www.manologarciaycia.com\/index.php?rest_route=%2Fwp%2Fv2%2Fcategories&post=721"},{"taxonomy":"post_tag","embeddable":true,"href":"https:\/\/www.manologarciaycia.com\/index.php?rest_route=%2Fwp%2Fv2%2Ftags&post=721"}],"curies":[{"name":"wp","href":"https:\/\/api.w.org\/{rel}","templated":true}]}}