{"id":7190,"date":"2013-08-03T08:07:23","date_gmt":"2013-08-03T06:07:23","guid":{"rendered":"http:\/\/www.manologarciaycia.com\/?p=7190"},"modified":"2013-08-03T08:09:24","modified_gmt":"2013-08-03T06:09:24","slug":"mg-el-concierto-de-alejandro-sanz-de-sevilla-se-emitira-en-tele5","status":"publish","type":"post","link":"https:\/\/www.manologarciaycia.com\/?p=7190","title":{"rendered":"MG: El concierto de Alejandro Sanz de Sevilla se emitir\u00e1 en Tele5"},"content":{"rendered":"<p>Mediaset emitir\u00e1 en oto\u00f1o el concierto que ofreci\u00f3 este mi\u00e9rcoles 19 de junio en La Cartuja de Sevilla, y en el que participaron David Bisbal, Mal\u00fa o Jamie Cullum.<\/p>\n<p>Alejandro Sanz estar\u00e1 la pr\u00f3xima temporada en Mediaset. Telecinco emitir\u00e1 en oto\u00f1o el concierto que el cantante madrile\u00f1o ofreci\u00f3 en Sevilla el pasado mi\u00e9rcoles 19 de junio,  seg\u00fan ha confirmado la cadena a Vertele.<br \/>\nLa actuaci\u00f3n que el primer canal de Mediaset ofrecer\u00e1 forma parte de la gira La m\u00fasica no se toca, el \u00faltimo trabajo discogr\u00e1fico del artista aficando en Miami. Junto a \u00e9l, pasaron por el escenario de La Cartuja personalidades de la m\u00fasica tan conocidas como Mal\u00fa, David Bisbal, Pablo Albor\u00e1n, Jamie Cullum y <strong>Manolo Garc\u00eda<\/strong>.<\/p>\n<p>25.000 personas disfrutaron de su concierto en La Cartuja<br \/>\nEl Estadio de La Cartuja acogi\u00f3 este concierto, cuyos derechos adquiri\u00f3 Telecinco. Esta actuaci\u00f3n, una de las m\u00e1s especiales de su gira, dur\u00f3 un total de dos horas y congreg\u00f3 a m\u00e1s de 25.000 personas. Sirvi\u00f3 tambi\u00e9n como material para el DVD de su tour, que dio comienzo el pasado 2012 en Am\u00e9rica. Desde entonces, Alejandro Sanz ha contado con un p\u00fablico de m\u00e1s de 300.000 espectadores en once pa\u00edses, tal y como recoge Chance.<br \/>\nLa gira por Espa\u00f1a del que pasa por ser el espa\u00f1ol m\u00e1s laureado de los Grammy Latinos llegar\u00e1 a su fin el pr\u00f3ximo 11 de agosto en C\u00e1diz.<\/p>\n<p>De la entrevista en Chance.es destacamos:<br \/>\n<b>CH: Un concierto muy especial hoy rodeado de amigos \u00bfverdad?<\/b><br \/>\n<i>AS: Si, hoy es un concierto muy especial porque vamos a tener ah\u00ed a cinco artistas a los que quiero mucho y adem\u00e1s son representativos si quisiera de todo el panorama de toda la m\u00fasica espa\u00f1ola. Desde <b>Manolo Garc\u00eda<\/b> que forma parte de nuestra banda sonora de toda nuestra vida, hasta Pablo Albor\u00e1n que es la \u00faltima joya de la corona. Va a ser una noche muy especial para todos y esos son los peque\u00f1os regalos que nos da la m\u00fasica.<\/i><\/p>\n<p><img loading=\"lazy\" decoding=\"async\" src=\"http:\/\/www.manologarciaycia.com\/wp-content\/uploads\/2013\/08\/MG_AS2.jpg\" alt=\"MG_AS2\" width=\"650\" height=\"445\" class=\"aligncenter size-full wp-image-7192\" srcset=\"https:\/\/www.manologarciaycia.com\/wp-content\/uploads\/2013\/08\/MG_AS2.jpg 650w, https:\/\/www.manologarciaycia.com\/wp-content\/uploads\/2013\/08\/MG_AS2-300x205.jpg 300w\" sizes=\"auto, (max-width: 650px) 100vw, 650px\" \/><\/p>\n<p>Fuente: Vertele &#8211; Aviso de Noelia y Alejandro en el Navegante.<\/p>\n","protected":false},"excerpt":{"rendered":"<p>Mediaset emitir\u00e1 en oto\u00f1o el concierto que ofreci\u00f3 este mi\u00e9rcoles 19 de junio en La Cartuja de Sevilla, y en el que participaron David Bisbal, Mal\u00fa o Jamie Cullum. Alejandro Sanz estar\u00e1 la pr\u00f3xima temporada en Mediaset. Telecinco emitir\u00e1 en oto\u00f1o el concierto que el cantante madrile\u00f1o ofreci\u00f3 en Sevilla el pasado mi\u00e9rcoles 19 de<a class=\"moretag\" href=\"https:\/\/www.manologarciaycia.com\/?p=7190\" title=\"MG: El concierto de Alejandro Sanz de Sevilla se emitir\u00e1 en Tele5\" target=\"_self\" rel=\"follow\"> <font face=arial size=2>[Leer m\u00e1s]<\/font> <\/a><\/p>\n","protected":false},"author":2,"featured_media":0,"comment_status":"closed","ping_status":"closed","sticky":false,"template":"","format":"standard","meta":{"footnotes":""},"categories":[1,23],"tags":[],"class_list":["post-7190","post","type-post","status-publish","format-standard","hentry","category-manolo-garcia","category-otros"],"_links":{"self":[{"href":"https:\/\/www.manologarciaycia.com\/index.php?rest_route=\/wp\/v2\/posts\/7190","targetHints":{"allow":["GET"]}}],"collection":[{"href":"https:\/\/www.manologarciaycia.com\/index.php?rest_route=\/wp\/v2\/posts"}],"about":[{"href":"https:\/\/www.manologarciaycia.com\/index.php?rest_route=\/wp\/v2\/types\/post"}],"author":[{"embeddable":true,"href":"https:\/\/www.manologarciaycia.com\/index.php?rest_route=\/wp\/v2\/users\/2"}],"replies":[{"embeddable":true,"href":"https:\/\/www.manologarciaycia.com\/index.php?rest_route=%2Fwp%2Fv2%2Fcomments&post=7190"}],"version-history":[{"count":2,"href":"https:\/\/www.manologarciaycia.com\/index.php?rest_route=\/wp\/v2\/posts\/7190\/revisions"}],"predecessor-version":[{"id":7193,"href":"https:\/\/www.manologarciaycia.com\/index.php?rest_route=\/wp\/v2\/posts\/7190\/revisions\/7193"}],"wp:attachment":[{"href":"https:\/\/www.manologarciaycia.com\/index.php?rest_route=%2Fwp%2Fv2%2Fmedia&parent=7190"}],"wp:term":[{"taxonomy":"category","embeddable":true,"href":"https:\/\/www.manologarciaycia.com\/index.php?rest_route=%2Fwp%2Fv2%2Fcategories&post=7190"},{"taxonomy":"post_tag","embeddable":true,"href":"https:\/\/www.manologarciaycia.com\/index.php?rest_route=%2Fwp%2Fv2%2Ftags&post=7190"}],"curies":[{"name":"wp","href":"https:\/\/api.w.org\/{rel}","templated":true}]}}