{"id":7155,"date":"2003-11-14T09:36:05","date_gmt":"2003-11-14T08:36:05","guid":{"rendered":"http:\/\/www.manologarciaycia.com\/?p=7155"},"modified":"2013-07-29T09:41:50","modified_gmt":"2013-07-29T07:41:50","slug":"mg-manolo-garcia-comienza-la-grabacion-de-su-tercer-album-en-solitario","status":"publish","type":"post","link":"https:\/\/www.manologarciaycia.com\/?p=7155","title":{"rendered":"MG: Manolo Garcia comienza la grabacion de su tercer album en solitario"},"content":{"rendered":"<p style=\"text-align: left;\"><b><img loading=\"lazy\" decoding=\"async\" class=\"alignleft size-full wp-image-7160\" alt=\"manolo_quimi\" src=\"http:\/\/www.manologarciaycia.com\/wp-content\/uploads\/2003\/11\/manolo_quimi.jpg\" width=\"151\" height=\"151\" srcset=\"https:\/\/www.manologarciaycia.com\/wp-content\/uploads\/2003\/11\/manolo_quimi.jpg 151w, https:\/\/www.manologarciaycia.com\/wp-content\/uploads\/2003\/11\/manolo_quimi-150x150.jpg 150w\" sizes=\"auto, (max-width: 151px) 100vw, 151px\" \/>\u00a0Manolo Garc\u00eda<\/b> (Barcelona, 1958) ya est\u00e1 de nuevo en tierras ampurdanesas.\u00a0El ex <i>El \u00daltimo de la Fila<\/i> ha comenzado ya a grabar las canciones que formar\u00e1n parte de su tercer \u00e1lbum en solitario.\u00a0El lugar elegido ha vuelto a ser los estudios <i>Music Lan de Avinyonet de Puigvent\u00f3s (Girona)<\/i>, localidad cercana a Figueres en la que se gest\u00f3 su anterior trabajo, <i>Nunca el tiempo es perdido (2001)<\/i>. \u00a0Fuentes de su discografica han informado a los40.com que el nuevo disco del cantante saldr\u00e1 en 2004, aunque no todav\u00eda est\u00e1 definido el plan de m\u00e1rketing.\u00a0Ademas <b>Manolo Garcia<\/b> podria estar dispuesto a colaborar en un proyecto de Tina Tuner, con el cual quiere crear el mayor estudio de grabaci\u00f3n en Catalunya.<\/p>\n<p style=\"text-align: left;\">La m\u00fasica de <b>Manolo Garc\u00eda<\/b> se mueve por ciclos de tres a\u00f1os. Algo as\u00ed como trienios. En 1998, tras la escisi\u00f3n de El \u00daltimo de la Fila, se embarc\u00f3 en una exitosa carrera en solitario que ha dado como fruto dos \u00e1lbumes que se convirtieron en aut\u00e9nticos superventas: <i>Arena en los bolsillos (1998)<\/i> y <i>Nunca el tiempo es perdido (2001)<\/i>.<\/p>\n<p style=\"text-align: left;\">Ahora, tras una temporada sin tener noticias suyas, el cantante y compositor catal\u00e1n ha vuelto al estudio de grabaci\u00f3n para comenzar a dar forma a las nuevas canciones que ha escrito en los \u00faltimos meses. Manolo se ha encerrado con su equipo habitual de colaboradores en los estudios Music Lan de Avinyonet de Puigvent\u00f3s (Girona), id\u00edlico lugar ampurdan\u00e9s batido por la tramontana en el que reside su amigo <b>Quimi Portet<\/b> y donde se forj\u00f3 su segundo \u00e1lbum.<\/p>\n<p style=\"text-align: left;\">El proceso creativo y de grabaci\u00f3n de <b>Manolo Garc\u00eda<\/b>, quien tambi\u00e9n se encarga de toda la producci\u00f3n, acostumbra a ser largo, por lo que todav\u00eda es pronto para saber cu\u00e1ndo se pondr\u00e1 a la venta este tercer CD que no tiene t\u00edtulo oficial. En su compa\u00f1\u00eda discogr\u00e1fica, BMG Music Spain, no se aventuran a dar una fecha de salida del mismo, porque todo est\u00e1 en una fase primigenia.<\/p>\n<p style=\"text-align: left;\">Seg\u00fan las mismas fuentes, Garc\u00eda acostumbra a editar sus discos en primavera, entre abril y mayo. Sin embargo, la salida de este nuevo podr\u00eda retrasarse hasta la Navidad de 2004. Su publicaci\u00f3n vendr\u00e1 determinada por los planes de directo del cantante. Si \u00e9ste decidiera realizar gira de verano de grandes recintos, se adelantar\u00eda al primer semestre. Por el contrario, si los conciertos fueran de menor aforo (una tourn\u00e9e de teatros), se retrasar\u00eda al segundo.<\/p>\n<p style=\"text-align: center;\"><b>Tina Turner busca terrenos en Girona para instalar el mayor estudio de grabaci\u00f3n de Catalu\u00f1a<\/b><\/p>\n<p style=\"text-align: left;\"><b>Tina Turner<\/b> busca un terreno en la localidad de Arb\u00facies (Girona), municipio que ha visitado en alguna ocasi\u00f3n, para construir en el mismo un chalet con el mayor estudio de grabaci\u00f3n de Catalu\u00f1a. En estas instalaciones, la popular cantante tendr\u00eda previsto grabar sus discos y tambi\u00e9n el de otros grupos musicales.<\/p>\n<p style=\"text-align: left;\">Seg\u00fan publica hoy el diario El Punt de Girona, hace tres meses que Tina Turner, de 65 a\u00f1os de edad, pas\u00f3 unos d\u00edas en la mas\u00eda Can Pere Crous, una casa de lujo propiedad de un empresario alem\u00e1n, Manfred Schmidt, que es amigo de la cantante. Turner decidi\u00f3 entonces fijar una segunda residencia en la zona.<\/p>\n<p style=\"text-align: left;\">El diario cita a una emisora de radio catalana, que antes de ayer habr\u00eda difundido la informaci\u00f3n. Asimismo, seg\u00fan el peri\u00f3dico, la artista contact\u00f3 con una inmobiliaria de la zona para que se encargue de buscar los terrenos donde construir el chalet con el estudio.<\/p>\n<p style=\"text-align: left;\">En el proyecto podr\u00eda\u00a0participar el ex componente de <b>El \u00daltimo de la Fila<\/b>, <b>Quimi Portet<\/b> -que reside en Avinyonet de Puigvent\u00f3s donde tiene un estudio, Cosmon\u00e1utica Comas- que junto con <b>Manolo Garc\u00eda<\/b>, comparti\u00f3 una gira de conciertos con Turner por Espa\u00f1a.<\/p>\n<p style=\"text-align: left;\">Fuente: Los40.com<\/p>\n<p>&nbsp;<\/p>\n","protected":false},"excerpt":{"rendered":"<p>\u00a0Manolo Garc\u00eda (Barcelona, 1958) ya est\u00e1 de nuevo en tierras ampurdanesas.\u00a0El ex El \u00daltimo de la Fila ha comenzado ya a grabar las canciones que formar\u00e1n parte de su tercer \u00e1lbum en solitario.\u00a0El lugar elegido ha vuelto a ser los estudios Music Lan de Avinyonet de Puigvent\u00f3s (Girona), localidad cercana a Figueres en la que<a class=\"moretag\" href=\"https:\/\/www.manologarciaycia.com\/?p=7155\" title=\"MG: Manolo Garcia comienza la grabacion de su tercer album en solitario\" target=\"_self\" rel=\"follow\"> <font face=arial size=2>[Leer m\u00e1s]<\/font> <\/a><\/p>\n","protected":false},"author":2,"featured_media":0,"comment_status":"closed","ping_status":"closed","sticky":false,"template":"","format":"standard","meta":{"footnotes":""},"categories":[1],"tags":[],"class_list":["post-7155","post","type-post","status-publish","format-standard","hentry","category-manolo-garcia"],"_links":{"self":[{"href":"https:\/\/www.manologarciaycia.com\/index.php?rest_route=\/wp\/v2\/posts\/7155","targetHints":{"allow":["GET"]}}],"collection":[{"href":"https:\/\/www.manologarciaycia.com\/index.php?rest_route=\/wp\/v2\/posts"}],"about":[{"href":"https:\/\/www.manologarciaycia.com\/index.php?rest_route=\/wp\/v2\/types\/post"}],"author":[{"embeddable":true,"href":"https:\/\/www.manologarciaycia.com\/index.php?rest_route=\/wp\/v2\/users\/2"}],"replies":[{"embeddable":true,"href":"https:\/\/www.manologarciaycia.com\/index.php?rest_route=%2Fwp%2Fv2%2Fcomments&post=7155"}],"version-history":[{"count":5,"href":"https:\/\/www.manologarciaycia.com\/index.php?rest_route=\/wp\/v2\/posts\/7155\/revisions"}],"predecessor-version":[{"id":7158,"href":"https:\/\/www.manologarciaycia.com\/index.php?rest_route=\/wp\/v2\/posts\/7155\/revisions\/7158"}],"wp:attachment":[{"href":"https:\/\/www.manologarciaycia.com\/index.php?rest_route=%2Fwp%2Fv2%2Fmedia&parent=7155"}],"wp:term":[{"taxonomy":"category","embeddable":true,"href":"https:\/\/www.manologarciaycia.com\/index.php?rest_route=%2Fwp%2Fv2%2Fcategories&post=7155"},{"taxonomy":"post_tag","embeddable":true,"href":"https:\/\/www.manologarciaycia.com\/index.php?rest_route=%2Fwp%2Fv2%2Ftags&post=7155"}],"curies":[{"name":"wp","href":"https:\/\/api.w.org\/{rel}","templated":true}]}}