{"id":7151,"date":"2003-11-10T09:28:15","date_gmt":"2003-11-10T08:28:15","guid":{"rendered":"http:\/\/www.manologarciaycia.com\/?p=7151"},"modified":"2013-07-29T09:35:41","modified_gmt":"2013-07-29T07:35:41","slug":"qp-partiicipacion-de-quimi-portet-en-un-concerto-de-amnistia-internacional","status":"publish","type":"post","link":"https:\/\/www.manologarciaycia.com\/?p=7151","title":{"rendered":"QP: Participacion de Quimi Portet en un concerto de Amnistia Internacional"},"content":{"rendered":"<p>25 anys lluitant per persones  (25 a\u00f1os luchando por personas)<\/p>\n<p> Sala Simf\u00f3nica  del Auditori. 26\/11\/2003,  Dimecres,  21:30 h.<\/p>\n<p><b>Interpretes:<\/b><br \/><i>Carlos Nu\u00f1ez, Enrique Morente, Gerard Quintana, Gossos, Jaume Sisa, Javier \u00c1lvarez, Joan Manel Serrat, Kiko Veneno,  Lucrecia, Luis Eduardo Aute, Llu\u00eds Llach, Luz Casal, Maria del Mar Bonet, Miguel R\u00edos, Nino Galissa, Pasi\u00f3n Vega, Quimi Portet . Con la colaboracion del pianista Manel Camp.<\/i><\/p>\n<p><b>Presentadores<\/b>:<br \/><i>Antoni Basses, Carles Flavi\u00e0, Elisenda Roca, Joan Barril, Joel Joan, Manel Fuentes, Marta Caceres, Ramon Pellicer i Xavier Grasset<\/i>.<\/p>\n<p>Organiza Amnistia Internacional de Catalunya.<\/p>\n<p>\u00abDesde Amnistia Internacional Catalunya queremos celebrar 25 a\u00f1os que la organizacion lleva luchando por los derechos humanos de personas de todo el mundo en Espa\u00f1a.<\/p>\n<p>Artistas y personajes conocidos de la sociedad catalana se han querido unira esta celebracion para hacer de este acto, una fiesta por los derechos humanos.<\/p>\n<p>Amnistia Internacional es una organizacion independente economicamente, que funciona gracias a la colaboracion voluntaria de mile de persones de todo el mundo. Actualmente en Catalunya la  organitacion esta apoyada por mas de 5.000 socios\/as i mas de un centenar de voluntarios\/as. <\/p>\n<p>Mas informacin al 93 209 35 36 o visitad: <a href=''http:\/\/www.ai-cat.org'' target=_new>http:\/\/www.ai-cat.org<\/a><\/p>\n<p>Fuente: <a hef=''http:\/\/www.auditori.org\/'' target=_new2>Web de l\u00bbAuditori<\/a><\/p>\n<p> Precio: 6 a 30 \u20ac . Taquillas del Auditori o Telentrada (http:\/\/www.telentrada.com)<\/p>\n","protected":false},"excerpt":{"rendered":"<p>25 anys lluitant per persones (25 a\u00f1os luchando por personas) Sala Simf\u00f3nica del Auditori. 26\/11\/2003, Dimecres, 21:30 h. Interpretes:Carlos Nu\u00f1ez, Enrique Morente, Gerard Quintana, Gossos, Jaume Sisa, Javier \u00c1lvarez, Joan Manel Serrat, Kiko Veneno, Lucrecia, Luis Eduardo Aute, Llu\u00eds Llach, Luz Casal, Maria del Mar Bonet, Miguel R\u00edos, Nino Galissa, Pasi\u00f3n Vega, Quimi Portet .<a class=\"moretag\" href=\"https:\/\/www.manologarciaycia.com\/?p=7151\" title=\"QP: Participacion de Quimi Portet en un concerto de Amnistia Internacional\" target=\"_self\" rel=\"follow\"> <font face=arial size=2>[Leer m\u00e1s]<\/font> <\/a><\/p>\n","protected":false},"author":2,"featured_media":0,"comment_status":"closed","ping_status":"closed","sticky":false,"template":"","format":"standard","meta":{"footnotes":""},"categories":[9],"tags":[],"class_list":["post-7151","post","type-post","status-publish","format-standard","hentry","category-qumi-portet"],"_links":{"self":[{"href":"https:\/\/www.manologarciaycia.com\/index.php?rest_route=\/wp\/v2\/posts\/7151","targetHints":{"allow":["GET"]}}],"collection":[{"href":"https:\/\/www.manologarciaycia.com\/index.php?rest_route=\/wp\/v2\/posts"}],"about":[{"href":"https:\/\/www.manologarciaycia.com\/index.php?rest_route=\/wp\/v2\/types\/post"}],"author":[{"embeddable":true,"href":"https:\/\/www.manologarciaycia.com\/index.php?rest_route=\/wp\/v2\/users\/2"}],"replies":[{"embeddable":true,"href":"https:\/\/www.manologarciaycia.com\/index.php?rest_route=%2Fwp%2Fv2%2Fcomments&post=7151"}],"version-history":[{"count":3,"href":"https:\/\/www.manologarciaycia.com\/index.php?rest_route=\/wp\/v2\/posts\/7151\/revisions"}],"predecessor-version":[{"id":7154,"href":"https:\/\/www.manologarciaycia.com\/index.php?rest_route=\/wp\/v2\/posts\/7151\/revisions\/7154"}],"wp:attachment":[{"href":"https:\/\/www.manologarciaycia.com\/index.php?rest_route=%2Fwp%2Fv2%2Fmedia&parent=7151"}],"wp:term":[{"taxonomy":"category","embeddable":true,"href":"https:\/\/www.manologarciaycia.com\/index.php?rest_route=%2Fwp%2Fv2%2Fcategories&post=7151"},{"taxonomy":"post_tag","embeddable":true,"href":"https:\/\/www.manologarciaycia.com\/index.php?rest_route=%2Fwp%2Fv2%2Ftags&post=7151"}],"curies":[{"name":"wp","href":"https:\/\/api.w.org\/{rel}","templated":true}]}}