{"id":7148,"date":"2003-10-31T09:20:53","date_gmt":"2003-10-31T08:20:53","guid":{"rendered":"http:\/\/www.manologarciaycia.com\/?p=7148"},"modified":"2013-07-29T09:27:42","modified_gmt":"2013-07-29T07:27:42","slug":"eudlf-el-ultimo-de-la-fila-premio-al-mejor-artista-musical-espanol","status":"publish","type":"post","link":"https:\/\/www.manologarciaycia.com\/?p=7148","title":{"rendered":"EUDLF: El Ultimo de la Fila, premio al mejor artista musical espa\u00f1ol"},"content":{"rendered":"<p><img loading=\"lazy\" decoding=\"async\" src=\"http:\/\/www.manologarciaycia.com\/wp-content\/uploads\/2013\/07\/myq_tenta.jpg\" alt=\"myq_tenta\" width=\"162\" height=\"269\" class=\"alignright size-full wp-image-7149\" \/> <br \/>En el <i>Pais de las Tentaciones<\/i> de hoy aparece un articulo sobre <b>El Ultimo de la Fila<\/b> que ha recibido el premio al <i>mejor artista musical espa\u00f1ol<\/i> elegido por los lectores del <i>Pa\u00eds de las Tentaciones.<\/i><\/p>\n<p>Martes 7 de octubre. 14.00 horas. Interior del estudio de grabaci\u00f3n Musiclan, de Avinyonet, cerca de Figueres, en Girona. Reunimos a Manolo Garc\u00eda (derecha) y Quimi Portet, El \u00daltimo de la Fila. Triunfa la memoria hist\u00f3rica.<\/p>\n<p><b>MEJOR ARTISTA MUSICAL ESPA\u00d1OL | PROTAGONISTAS: LOS MEJORES DE 19993-2003<\/b><\/p>\n<p>Manolo Garc\u00eda y Quimi Portet. Catalanes. Nacidos en 1955 y 1957. Entre 1985 y 1998 arrasaron con El \u00daltimo de la Fila Los primeros en fusionar pop, flamenco y m\u00fasica \u00e1rabe. Ahora, Manolo publica en solitario y Quimi, tambi\u00e9n.<\/p>\n<p><b>LOS RESULTADOS<\/b><\/p>\n<p>22,8 % El \u00daltimo de la Fila (Elegidos por los lectores mejor artista musical espa\u00f1ol en 1993).<br \/>19 % Alejandro Sanz (1998). 17 % Amaral (2002).<br \/>16,3 % Dover (1997 y 1999). <br \/>7,2 % Estopa (2000). <br \/>6,6 % Presuntos Implicados (1994). <br \/>4,2 % M-Clan (2001). <br \/>4 % Rosana (1996). <br \/>2,7 % Rosario Flores (1995).<br \/>A Fondo en ELPAIS.es<\/p>\n<p><b>LOS LECTORES OPINAN<\/b><\/p>\n<p>\u00bfC\u00f3mo dec\u00eds que os llama\u00eds? El \u00daltimo de la fila. Demasiado largo e impersonal. A ver: \u00bfC\u00f3mo es el bailecito a juego? \u00bfNo ten\u00e9is baile ni coreograf\u00eda? No s\u00e9, no s\u00e9, veo complicado haceros un hueco en el chiringuito mix, es que esas letras no son insulsas ni facilotas, \u00bfqui\u00e9n se las va a aprender?<br \/>Manuel enr\u00edquez santiago. 34 A\u00f1os. Recepcionista. Cordoba.<\/p>\n<p>El directo m\u00e1s generoso. C\u00f3mo ser l\u00edrico sin ser mo\u00f1a, el arte del trabajo, el trabajo del arte, silenciosos como el trueno, raudos como la tortuga (?).<br \/>Roberto Fern\u00e1ndez \u00c1lvarez. 46 a\u00f1os. Abogado. M\u00e9rida, Badajoz.<\/p>\n<p>Son dos garrulos con estilo.<br \/>Mar\u00eda Desamparados Pascual Pastor. 44 a\u00f1os. Profesora. Valencia.<\/p>\n<p>Manolo es el m\u00e1s aut\u00e9ntico, el otro es un poco raro.<br \/>Isabel Pr\u00f3sper manglano. 56 a\u00f1os. Profesora. Barcelona.<\/p>\n<p>M\u00fasica brillante, con textos propios de un psic\u00f3tico. S\u00f3lo ahora, que han pasado 10 a\u00f1os, soy capaz de entender el 20% de las letras que me pon\u00edan los pelos de punta.Vicente Fern\u00e1ndez Almaz\u00f3n. 35 a\u00f1os. Enfermero. El puerto de Santa Mar\u00eda, C\u00e1diz.<br \/>Grupo inimitable. Un d\u00edo que podr\u00eda traducirse como la perfecta historia de amor entre dos personas maravillosas que lo dieron todo hasta que el fuego se apag\u00f3. Manolo y Quimi, Quimi y Manolo. Jam\u00e1s se ha dado, ni se va a dar, una relaci\u00f3n como \u00e9sta en el panorama musical espa\u00f1ol. Lennon &#038; McCartney, Page y Plant, Manolo y Quimi, Jagger y Richards? Ah\u00ed queda eso, pese a quien le pese.<br \/>Rom\u00e1n Gonz\u00f3lez Jim\u00e9nez. 22 a\u00f1os. Estudiante de periodismo. Cornell\u00e0, Barcelona.<\/p>\n<p>\u00bfPero los buenos jugadores, los de verdad, apuestan a perder?, del poeta Julio Herranz. El triunfo de la ambici\u00f3n cero, hasta en el nombre.<br \/>Laura Ferrer Arambarri. 27 a\u00f1os. Periodista. Ibiza, Islas baleares.<\/p>\n<p><b>CUESTIONARIO TNT<\/b><\/p>\n<p>La sesi\u00f3n. Un estudio en Avinyonet (Girona), cerca de la casa de Quimi. Manolo graba su nuevo \u00e1lbum. Quimi es vecino y algo m\u00e1s. Manolo tiene la idea de atravesar la dichosa manzana con una rama de olivo y sufre por el encuadre, para que no se le vea barriga. Quimi se mantiene tieso, dice que es la postura que le gusta a su pareja. Clic!<\/p>\n<p>\u00bfQu\u00e9 les dir\u00edas a los lectores que te han votado? Gracias. Hay galardones que los otorgan corporaciones, jurados, pero estos premios hacen mucha m\u00e1s ilusi\u00f3n (Quimi).<\/p>\n<p>Un consejo para quien empieza.<br \/>\nPasi\u00f3n por la m\u00fasica, m\u00e1s que ser famoso (Manolo).<\/p>\n<p>\u00bfA qui\u00e9n deber\u00edamos seguir la pista los pr\u00f3ximos 10 a\u00f1os? Cuando se aclare la frontera entre m\u00fasica y negocio se podr\u00e1 opinar mejor? (Manolo).<\/p>\n<p>\u00bfProyectos? Hacer discos, aqu\u00ed en el pueblo, y seguir montando en moto (Quimi).<\/p>\n<p>En 1998 dijiste: Estoy marcado por la glorificaci\u00f3n del fracaso. Expl\u00edcate. Conseguimos vender mucho, pero, por dentro, siempre ha seguido viviendo la bestia, que era un peludo que no saldr\u00eda nunca por la tele y que hac\u00eda m\u00fasica porque estaba enfadado. El fracaso era glorioso, porque nos gustaban los que no vend\u00edan nada (Quimi). X. S.<\/p>\n<p>Fuente: El Pais de Las Tentaciones<\/a><\/p>\n","protected":false},"excerpt":{"rendered":"<p>En el Pais de las Tentaciones de hoy aparece un articulo sobre El Ultimo de la Fila que ha recibido el premio al mejor artista musical espa\u00f1ol elegido por los lectores del Pa\u00eds de las Tentaciones. Martes 7 de octubre. 14.00 horas. Interior del estudio de grabaci\u00f3n Musiclan, de Avinyonet, cerca de Figueres, en Girona.<a class=\"moretag\" href=\"https:\/\/www.manologarciaycia.com\/?p=7148\" title=\"EUDLF: El Ultimo de la Fila, premio al mejor artista musical espa\u00f1ol\" target=\"_self\" rel=\"follow\"> <font face=arial size=2>[Leer m\u00e1s]<\/font> <\/a><\/p>\n","protected":false},"author":2,"featured_media":0,"comment_status":"closed","ping_status":"closed","sticky":false,"template":"","format":"standard","meta":{"footnotes":""},"categories":[3,1,9],"tags":[],"class_list":["post-7148","post","type-post","status-publish","format-standard","hentry","category-el-ultimo-de-la-fila","category-manolo-garcia","category-qumi-portet"],"_links":{"self":[{"href":"https:\/\/www.manologarciaycia.com\/index.php?rest_route=\/wp\/v2\/posts\/7148","targetHints":{"allow":["GET"]}}],"collection":[{"href":"https:\/\/www.manologarciaycia.com\/index.php?rest_route=\/wp\/v2\/posts"}],"about":[{"href":"https:\/\/www.manologarciaycia.com\/index.php?rest_route=\/wp\/v2\/types\/post"}],"author":[{"embeddable":true,"href":"https:\/\/www.manologarciaycia.com\/index.php?rest_route=\/wp\/v2\/users\/2"}],"replies":[{"embeddable":true,"href":"https:\/\/www.manologarciaycia.com\/index.php?rest_route=%2Fwp%2Fv2%2Fcomments&post=7148"}],"version-history":[{"count":1,"href":"https:\/\/www.manologarciaycia.com\/index.php?rest_route=\/wp\/v2\/posts\/7148\/revisions"}],"predecessor-version":[{"id":7150,"href":"https:\/\/www.manologarciaycia.com\/index.php?rest_route=\/wp\/v2\/posts\/7148\/revisions\/7150"}],"wp:attachment":[{"href":"https:\/\/www.manologarciaycia.com\/index.php?rest_route=%2Fwp%2Fv2%2Fmedia&parent=7148"}],"wp:term":[{"taxonomy":"category","embeddable":true,"href":"https:\/\/www.manologarciaycia.com\/index.php?rest_route=%2Fwp%2Fv2%2Fcategories&post=7148"},{"taxonomy":"post_tag","embeddable":true,"href":"https:\/\/www.manologarciaycia.com\/index.php?rest_route=%2Fwp%2Fv2%2Ftags&post=7148"}],"curies":[{"name":"wp","href":"https:\/\/api.w.org\/{rel}","templated":true}]}}