{"id":7146,"date":"2003-10-29T09:14:40","date_gmt":"2003-10-29T08:14:40","guid":{"rendered":"http:\/\/www.manologarciaycia.com\/?p=7146"},"modified":"2013-07-29T09:18:36","modified_gmt":"2013-07-29T07:18:36","slug":"otros-manolo-garcia-y-quimi-portet-presentes-en-un-concierto-de-adria-punti","status":"publish","type":"post","link":"https:\/\/www.manologarciaycia.com\/?p=7146","title":{"rendered":"Otros: Manolo Garcia y Quimi Portet presentes en un concierto de Adria Punti"},"content":{"rendered":"<p><b>Adri\u00e0 Punt\u00ed<\/b> las ha visto de todos los colores. De liderar un grupo que casi se cuela en la \u00e9lite de los cuatro jinetes del rock catal\u00e0 a malvivir en solitario como an\u00e1rquico y descentrado francotirador. Y, de repente, sale con un Maria que justifica por primera todo lo bueno que se llevaba a\u00f1os esperando de \u00e9l.<br \/>\nY no s\u00f3lo eso. Pese a la fama de imprevisibles que tienen sus directos (y no precisamente en el mejor sentido del t\u00e9rmino), regresa a Apolo y firma una corrosiva actuaci\u00f3n capaz de dejar sordos y mudos a todos sus compa\u00f1eros catalanes de viaje.<br \/>\nLa estridencia y el caos interpretativo han sido caminos ampliamente explorados por Punt\u00ed desde que disolvi\u00f3 Umpah-pah, pero el domingo, con el apoyo de un recio y seco tr\u00edo, el cantante encontr\u00f3 un punto intermedio ideal. La banda expon\u00eda las canciones con contundencia y parquedad y Punt\u00ed se recostaba en ellas con su habitual desorden mental. Caminaba sobre la cuerda floja, pero esta vez la cuerda era m\u00e1s gruesa y de ese modo se mantuvo en equilibrio durante m\u00e1s de una hora. Todo un r\u00e9cord.<\/p>\n<p>\\r\\nAquello era rock al borde del precipicio. Un rock airado y desafiante, insano e incomparable, escupido a bocajarro y con el habitual punto de delirio. Un derroche de histeria el\u00e9ctrica que tuvo su principal activo en unas canciones (las del plet\u00f3rico Maria y las mejores de sus dos anteriores discos) que en Apolo sonaron con un br\u00edo inusitado. S\u00ed, era el Adri\u00e0 Punt\u00ed de siempre, trapecista de s\u00ed mismo, ininteligible, jerogl\u00edfico, desenfocado y todo lo dem\u00e1s, pero milagrosamente suspendido en una red de seguridad invisible.<\/p>\n<p>\\r\\nSe sent\u00f3 al piano para reinventar el S\u00ed de Umpah-pah. <b>Tambi\u00e9n version\u00f3 el Flors i violes de Quimi Portet &#8211; presente en la sala, como Manolo Garc\u00eda &#8211; <\/b>y, ya en los bises, balbuce\u00f3 una parodia de Bob Dylan con versos del Aserej\u00e9. Por alg\u00fan lado ten\u00eda que explotar Punt\u00ed tras un bolo tan redondo. Y de alg\u00fan modo ten\u00eda que convencer a sus extasiados fans de que aquello se hab\u00eda acabado.<\/p>\n","protected":false},"excerpt":{"rendered":"<p>Adri\u00e0 Punt\u00ed las ha visto de todos los colores. De liderar un grupo que casi se cuela en la \u00e9lite de los cuatro jinetes del rock catal\u00e0 a malvivir en solitario como an\u00e1rquico y descentrado francotirador. Y, de repente, sale con un Maria que justifica por primera todo lo bueno que se llevaba a\u00f1os esperando<a class=\"moretag\" href=\"https:\/\/www.manologarciaycia.com\/?p=7146\" title=\"Otros: Manolo Garcia y Quimi Portet presentes en un concierto de Adria Punti\" target=\"_self\" rel=\"follow\"> <font face=arial size=2>[Leer m\u00e1s]<\/font> <\/a><\/p>\n","protected":false},"author":2,"featured_media":0,"comment_status":"closed","ping_status":"closed","sticky":false,"template":"","format":"standard","meta":{"footnotes":""},"categories":[1,23,9],"tags":[],"class_list":["post-7146","post","type-post","status-publish","format-standard","hentry","category-manolo-garcia","category-otros","category-qumi-portet"],"_links":{"self":[{"href":"https:\/\/www.manologarciaycia.com\/index.php?rest_route=\/wp\/v2\/posts\/7146","targetHints":{"allow":["GET"]}}],"collection":[{"href":"https:\/\/www.manologarciaycia.com\/index.php?rest_route=\/wp\/v2\/posts"}],"about":[{"href":"https:\/\/www.manologarciaycia.com\/index.php?rest_route=\/wp\/v2\/types\/post"}],"author":[{"embeddable":true,"href":"https:\/\/www.manologarciaycia.com\/index.php?rest_route=\/wp\/v2\/users\/2"}],"replies":[{"embeddable":true,"href":"https:\/\/www.manologarciaycia.com\/index.php?rest_route=%2Fwp%2Fv2%2Fcomments&post=7146"}],"version-history":[{"count":1,"href":"https:\/\/www.manologarciaycia.com\/index.php?rest_route=\/wp\/v2\/posts\/7146\/revisions"}],"predecessor-version":[{"id":7147,"href":"https:\/\/www.manologarciaycia.com\/index.php?rest_route=\/wp\/v2\/posts\/7146\/revisions\/7147"}],"wp:attachment":[{"href":"https:\/\/www.manologarciaycia.com\/index.php?rest_route=%2Fwp%2Fv2%2Fmedia&parent=7146"}],"wp:term":[{"taxonomy":"category","embeddable":true,"href":"https:\/\/www.manologarciaycia.com\/index.php?rest_route=%2Fwp%2Fv2%2Fcategories&post=7146"},{"taxonomy":"post_tag","embeddable":true,"href":"https:\/\/www.manologarciaycia.com\/index.php?rest_route=%2Fwp%2Fv2%2Ftags&post=7146"}],"curies":[{"name":"wp","href":"https:\/\/api.w.org\/{rel}","templated":true}]}}