{"id":7114,"date":"2003-09-13T09:44:13","date_gmt":"2003-09-13T07:44:13","guid":{"rendered":"http:\/\/www.manologarciaycia.com\/?p=7114"},"modified":"2013-07-23T09:53:38","modified_gmt":"2013-07-23T07:53:38","slug":"mg-altaveu-hace-historia-con-el-recital-15-altres-veus","status":"publish","type":"post","link":"https:\/\/www.manologarciaycia.com\/?p=7114","title":{"rendered":"MG: \u00abAltaveu\u00bb hace historia con el recital &#8217;15 altres veus&#8217;"},"content":{"rendered":"<p><img loading=\"lazy\" decoding=\"async\" src=\"http:\/\/www.manologarciaycia.com\/wp-content\/uploads\/2013\/07\/altaveu2.jpg\" alt=\"altaveu2\" width=\"325\" height=\"189\" class=\"alignright size-full wp-image-7115\" srcset=\"https:\/\/www.manologarciaycia.com\/wp-content\/uploads\/2013\/07\/altaveu2.jpg 325w, https:\/\/www.manologarciaycia.com\/wp-content\/uploads\/2013\/07\/altaveu2-300x174.jpg 300w\" sizes=\"auto, (max-width: 325px) 100vw, 325px\" \/> La muestra de Sant Boi re\u00fane a <b>Manolo Garc\u00eda<\/b>, <b>Llu\u00eds Llach<\/b> y <b>Mayte Mart\u00edn<\/b>, entre otros.<\/p>\n<p>Altaveu, el festival que Sant Boi de Llobregat alumbr\u00f3 en 1989 para atender la escena de la canci\u00f3n de autor, vivi\u00f3 ayer una de sus noches m\u00e1s hist\u00f3ricas e irrepetibles: 15 int\u00e9rpretes que festejaron el 15\u00ba aniversario de la muestra con un recital de canciones en catal\u00e1n de todos los tiempos. Por el escenario de la plaza del Ajuntament, que se llen\u00f3 para la ocasi\u00f3n, se sucedieron voces como las de Manolo Garc\u00eda, Llu\u00eds Llach, Llu\u00eds Gavald\u00e0 (Els Pets), Gerard Quintana y Mayte Mart\u00edn. Todos ellos dieron cuerpo al recital 15 altres veus.<\/p>\n<p>El objetivo del concierto era, como se\u00f1al\u00f3 el director art\u00edstico del festival, Albert Puig, \u00abmezclar artistas catalanes, al margen de su lengua y de su generaci\u00f3n, que representen al conjunto de Catalunya, al Pa\u00eds Valenciano y a Baleares\u00bb. Cada int\u00e9rprete eligi\u00f3 una canci\u00f3n y entre las curiosidades destac\u00f3 ver a <b>Manolo Garc\u00eda<\/b> cantando en catal\u00e1n por segunda vez. La primera ocasi\u00f3n fue en el concierto del 25\u00ba aniversario del diario Avui, en abril del 2001. \u00abVoy a cantar El cabaret gal\u00e1ctic, un tema del mestre Sisa, porque ha dado y dar\u00e1 vida, iron\u00eda, ilusi\u00f3n y m\u00fasica\u00bb, coment\u00f3 el exmiembro de El \u00daltimo de la Fila minutos antes. Sisa suspendi\u00f3 su actuaci\u00f3n por problemas de voz, aunque estuvo presente durante el recital.<\/p>\n<p><center><iframe loading=\"lazy\" width=\"560\" height=\"315\" src=\"\/\/www.youtube.com\/embed\/vSvcskpAOIs\" frameborder=\"0\" allowfullscreen><\/iframe><\/center><\/p>\n<p><img loading=\"lazy\" decoding=\"async\" src=\"http:\/\/www.manologarciaycia.com\/wp-content\/uploads\/2013\/07\/altaveu1.jpg\" alt=\"altaveu1\" width=\"250\" height=\"148\" class=\"alignleft size-full wp-image-7116\" \/><b>RECUERDO A MONTLLOR<\/b><br \/>La direcci\u00f3n de Joan Albert Amarg\u00f3s gui\u00f3 un repertorio que cont\u00f3 con Josep Mas, Kitflus, y otros cinco m\u00fasicos. Las dos primeras intervenciones tuvieron como protagonistas a los malogrados Ovidi Montllor y Guillem d\u00bbEfak, evocados por Pi de la Serra y Dani Nel.lo.\u00bbHace 40 a\u00f1os que me dicen que me parezco a Llu\u00eds Llach. Ha llegado el momento de vengarme\u00bb, dijo Llu\u00eds Gavald\u00e1 antes de entonar el tema del cantante de Verges Itaca. Despu\u00e9s se sucedieron Maria del Mar Bonet, Roger Mas (asalto al Raimon de Veles e vents), Pau Riba, Pomada, Miquel Gil, Llu\u00eds Llach, Mayte Mart\u00edn, Miqui Puig, Gerard Quintana y Marc Parrot. Altaveu trat\u00f3 de contar con Serrat, Estopa y Albert Pla, pero problemas de agenda lo impidieron.<\/p>\n<p>\u00c9se fue el cl\u00edmax de la programaci\u00f3n de Altaveu 2003, que cierra hoy con la actuaci\u00f3n del grupo Lisboa Zentral Caf\u00e9 en la plaza de Catalunya, a las ocho de la tarde. El d\u00fao madrile\u00f1o Ellos y los artistas de la parcela Altaveu Frontera, Maika Makovski y Yuri y su Orquesta de Cosmonautas actuaron esta madrugada.El viernes por la noche Antonio Vega ofreci\u00f3 un concierto sobrio, apuntalado en su discograf\u00eda en solitario y en recuerdos de Nacha Pop. El interiorismo de El sitio de mi recreo y Se dejaba llevar qued\u00f3 a un lado cuando Atr\u00e1s y La chica de ayer evocaron la movida. Pese a su fr\u00edgil estado f\u00edsico, a Vega nadie le puede negar su papel de instituci\u00f3n del pop espa\u00f1ol. Antes, actu\u00f3 el tambi\u00e9n madrile\u00f1o Miki Ram\u00edrez, un cantautor influido por el rock urbano, apoyado en bajo y bater\u00eda, que ofreci\u00f3 un pase con destellos de car\u00e1cter y algunos detalles juveniles por pulir.<\/p>\n<p>Fuente El Periodico de Catalunya.<bR><\/p>\n","protected":false},"excerpt":{"rendered":"<p>La muestra de Sant Boi re\u00fane a Manolo Garc\u00eda, Llu\u00eds Llach y Mayte Mart\u00edn, entre otros. Altaveu, el festival que Sant Boi de Llobregat alumbr\u00f3 en 1989 para atender la escena de la canci\u00f3n de autor, vivi\u00f3 ayer una de sus noches m\u00e1s hist\u00f3ricas e irrepetibles: 15 int\u00e9rpretes que festejaron el 15\u00ba aniversario de la<a class=\"moretag\" href=\"https:\/\/www.manologarciaycia.com\/?p=7114\" title=\"MG: \u00abAltaveu\u00bb hace historia con el recital &#8217;15 altres veus&#8217;\" target=\"_self\" rel=\"follow\"> <font face=arial size=2>[Leer m\u00e1s]<\/font> <\/a><\/p>\n","protected":false},"author":2,"featured_media":0,"comment_status":"closed","ping_status":"closed","sticky":false,"template":"","format":"standard","meta":{"footnotes":""},"categories":[1,23],"tags":[],"class_list":["post-7114","post","type-post","status-publish","format-standard","hentry","category-manolo-garcia","category-otros"],"_links":{"self":[{"href":"https:\/\/www.manologarciaycia.com\/index.php?rest_route=\/wp\/v2\/posts\/7114","targetHints":{"allow":["GET"]}}],"collection":[{"href":"https:\/\/www.manologarciaycia.com\/index.php?rest_route=\/wp\/v2\/posts"}],"about":[{"href":"https:\/\/www.manologarciaycia.com\/index.php?rest_route=\/wp\/v2\/types\/post"}],"author":[{"embeddable":true,"href":"https:\/\/www.manologarciaycia.com\/index.php?rest_route=\/wp\/v2\/users\/2"}],"replies":[{"embeddable":true,"href":"https:\/\/www.manologarciaycia.com\/index.php?rest_route=%2Fwp%2Fv2%2Fcomments&post=7114"}],"version-history":[{"count":3,"href":"https:\/\/www.manologarciaycia.com\/index.php?rest_route=\/wp\/v2\/posts\/7114\/revisions"}],"predecessor-version":[{"id":7119,"href":"https:\/\/www.manologarciaycia.com\/index.php?rest_route=\/wp\/v2\/posts\/7114\/revisions\/7119"}],"wp:attachment":[{"href":"https:\/\/www.manologarciaycia.com\/index.php?rest_route=%2Fwp%2Fv2%2Fmedia&parent=7114"}],"wp:term":[{"taxonomy":"category","embeddable":true,"href":"https:\/\/www.manologarciaycia.com\/index.php?rest_route=%2Fwp%2Fv2%2Fcategories&post=7114"},{"taxonomy":"post_tag","embeddable":true,"href":"https:\/\/www.manologarciaycia.com\/index.php?rest_route=%2Fwp%2Fv2%2Ftags&post=7114"}],"curies":[{"name":"wp","href":"https:\/\/api.w.org\/{rel}","templated":true}]}}