{"id":7107,"date":"2003-07-07T09:25:35","date_gmt":"2003-07-07T07:25:35","guid":{"rendered":"http:\/\/www.manologarciaycia.com\/?p=7107"},"modified":"2013-07-23T09:34:33","modified_gmt":"2013-07-23T07:34:33","slug":"mg-en-directo-altaveu-2003-sant-boi-13-de-septiembre","status":"publish","type":"post","link":"https:\/\/www.manologarciaycia.com\/?p=7107","title":{"rendered":"MG: en Directo &#8211; Altaveu 2003 &#8211; Sant Boi &#8211; 13 de Septiembre"},"content":{"rendered":"<p><img loading=\"lazy\" decoding=\"async\" src=\"http:\/\/www.manologarciaycia.com\/wp-content\/uploads\/2003\/07\/logo2003.jpg\" alt=\"logo2003\" width=\"114\" height=\"155\" class=\"alignleft size-full wp-image-7109\" \/> Manolo Garc\u00eda participar\u00e1 en el festival Altaveu 2003 SANT BOI<br \/>S\u00c1BADO 13 de septiembre. En la Pla\u00e7a Ajuntament a las 22 h.<\/p>\n<p>Altaveu: 15 Altres Veus:<\/b> <i>M. MAR BONET, PI DE LA SERRA, SISA, MANOLO GARC\u00cdA, G. QUINTANA, LL. GAVALD\u00c0, LLU\u00cdS LLACH, MAYTE MART\u00cdN, MIQUEL GIL, PAU RIBA, ROGER MAS, POMADA, MIQUI PUIG con la  direcci\u00f3n art\u00edstica de J. ALBERT AMARG\u00d2S.<\/i><\/p>\n<p>Fuente: <a href=''http:\/\/www.festivalaltaveu.com''>http:\/\/www.festivalaltaveu.com<\/a><\/p>\n","protected":false},"excerpt":{"rendered":"<p>Manolo Garc\u00eda participar\u00e1 en el festival Altaveu 2003 SANT BOIS\u00c1BADO 13 de septiembre. En la Pla\u00e7a Ajuntament a las 22 h. Altaveu: 15 Altres Veus: M. MAR BONET, PI DE LA SERRA, SISA, MANOLO GARC\u00cdA, G. QUINTANA, LL. GAVALD\u00c0, LLU\u00cdS LLACH, MAYTE MART\u00cdN, MIQUEL GIL, PAU RIBA, ROGER MAS, POMADA, MIQUI PUIG con la direcci\u00f3n<a class=\"moretag\" href=\"https:\/\/www.manologarciaycia.com\/?p=7107\" title=\"MG: en Directo &#8211; Altaveu 2003 &#8211; Sant Boi &#8211; 13 de Septiembre\" target=\"_self\" rel=\"follow\"> <font face=arial size=2>[Leer m\u00e1s]<\/font> <\/a><\/p>\n","protected":false},"author":2,"featured_media":0,"comment_status":"closed","ping_status":"closed","sticky":false,"template":"","format":"standard","meta":{"footnotes":""},"categories":[1,23],"tags":[],"class_list":["post-7107","post","type-post","status-publish","format-standard","hentry","category-manolo-garcia","category-otros"],"_links":{"self":[{"href":"https:\/\/www.manologarciaycia.com\/index.php?rest_route=\/wp\/v2\/posts\/7107","targetHints":{"allow":["GET"]}}],"collection":[{"href":"https:\/\/www.manologarciaycia.com\/index.php?rest_route=\/wp\/v2\/posts"}],"about":[{"href":"https:\/\/www.manologarciaycia.com\/index.php?rest_route=\/wp\/v2\/types\/post"}],"author":[{"embeddable":true,"href":"https:\/\/www.manologarciaycia.com\/index.php?rest_route=\/wp\/v2\/users\/2"}],"replies":[{"embeddable":true,"href":"https:\/\/www.manologarciaycia.com\/index.php?rest_route=%2Fwp%2Fv2%2Fcomments&post=7107"}],"version-history":[{"count":2,"href":"https:\/\/www.manologarciaycia.com\/index.php?rest_route=\/wp\/v2\/posts\/7107\/revisions"}],"predecessor-version":[{"id":7110,"href":"https:\/\/www.manologarciaycia.com\/index.php?rest_route=\/wp\/v2\/posts\/7107\/revisions\/7110"}],"wp:attachment":[{"href":"https:\/\/www.manologarciaycia.com\/index.php?rest_route=%2Fwp%2Fv2%2Fmedia&parent=7107"}],"wp:term":[{"taxonomy":"category","embeddable":true,"href":"https:\/\/www.manologarciaycia.com\/index.php?rest_route=%2Fwp%2Fv2%2Fcategories&post=7107"},{"taxonomy":"post_tag","embeddable":true,"href":"https:\/\/www.manologarciaycia.com\/index.php?rest_route=%2Fwp%2Fv2%2Ftags&post=7107"}],"curies":[{"name":"wp","href":"https:\/\/api.w.org\/{rel}","templated":true}]}}