{"id":7092,"date":"2003-04-09T10:24:21","date_gmt":"2003-04-09T08:24:21","guid":{"rendered":"http:\/\/www.manologarciaycia.com\/?p=7092"},"modified":"2013-07-19T10:40:25","modified_gmt":"2013-07-19T08:40:25","slug":"mg-la-exposicion-los-colores-de-la-musica-viaja-a-huelva","status":"publish","type":"post","link":"https:\/\/www.manologarciaycia.com\/?p=7092","title":{"rendered":"MG: La exposici\u00f3n Los Colores de la Musica viaja a Huelva"},"content":{"rendered":"<p>Los Colores de la M\u00fasica, la exposici\u00f3n que el mes de marzo se pudo ver en Madrid, se hace itinerante y llega a <i>Nerva (Huelva)<\/i> en estos d\u00edas. Despu\u00e9s proseguir\u00e1 por otras ciudades espa\u00f1olas.<\/p>\n<p>Estos son los cuadros que Manolo expuso en Madrid son:<br \/>\n<img loading=\"lazy\" decoding=\"async\" src=\"http:\/\/www.manologarciaycia.com\/wp-content\/uploads\/2013\/07\/Calima_y_otros_mundos.jpg\" alt=\"Calima_y_otros_mundos\" width=\"500\" height=\"596\" class=\"aligncenter size-full wp-image-7093\" srcset=\"https:\/\/www.manologarciaycia.com\/wp-content\/uploads\/2013\/07\/Calima_y_otros_mundos.jpg 500w, https:\/\/www.manologarciaycia.com\/wp-content\/uploads\/2013\/07\/Calima_y_otros_mundos-251x300.jpg 251w\" sizes=\"auto, (max-width: 500px) 100vw, 500px\" \/><br \/>\n<b>Calima y otros Rumbos<\/b> &#8211; Invierno 2001 &#8211; Acrilico sobre lienzo 73&#215;60 cms.<\/p>\n<p><img loading=\"lazy\" decoding=\"async\" src=\"http:\/\/www.manologarciaycia.com\/wp-content\/uploads\/2013\/07\/respira_el_mundo_cuando_cae_la_noche.jpg\" alt=\"respira_el_mundo_cuando_cae_la_noche\" width=\"500\" height=\"353\" class=\"aligncenter size-full wp-image-7094\" srcset=\"https:\/\/www.manologarciaycia.com\/wp-content\/uploads\/2013\/07\/respira_el_mundo_cuando_cae_la_noche.jpg 500w, https:\/\/www.manologarciaycia.com\/wp-content\/uploads\/2013\/07\/respira_el_mundo_cuando_cae_la_noche-300x211.jpg 300w\" sizes=\"auto, (max-width: 500px) 100vw, 500px\" \/><br \/>\n<b>Respira el mundo cuando cae la noche<\/b> &#8211; Diciembre 2002 &#8211; Tecnica mixta  sobre papel 65&#215;90 cms.<\/p>\n<p>Fuente: El Pais de las Tentaciones &#8211; Fotos por Flip.<\/p>\n","protected":false},"excerpt":{"rendered":"<p>Los Colores de la M\u00fasica, la exposici\u00f3n que el mes de marzo se pudo ver en Madrid, se hace itinerante y llega a Nerva (Huelva) en estos d\u00edas. Despu\u00e9s proseguir\u00e1 por otras ciudades espa\u00f1olas. Estos son los cuadros que Manolo expuso en Madrid son: Calima y otros Rumbos &#8211; Invierno 2001 &#8211; Acrilico sobre lienzo<a class=\"moretag\" href=\"https:\/\/www.manologarciaycia.com\/?p=7092\" title=\"MG: La exposici\u00f3n Los Colores de la Musica viaja a Huelva\" target=\"_self\" rel=\"follow\"> <font face=arial size=2>[Leer m\u00e1s]<\/font> <\/a><\/p>\n","protected":false},"author":2,"featured_media":0,"comment_status":"closed","ping_status":"closed","sticky":false,"template":"","format":"standard","meta":{"footnotes":""},"categories":[1],"tags":[],"class_list":["post-7092","post","type-post","status-publish","format-standard","hentry","category-manolo-garcia"],"_links":{"self":[{"href":"https:\/\/www.manologarciaycia.com\/index.php?rest_route=\/wp\/v2\/posts\/7092","targetHints":{"allow":["GET"]}}],"collection":[{"href":"https:\/\/www.manologarciaycia.com\/index.php?rest_route=\/wp\/v2\/posts"}],"about":[{"href":"https:\/\/www.manologarciaycia.com\/index.php?rest_route=\/wp\/v2\/types\/post"}],"author":[{"embeddable":true,"href":"https:\/\/www.manologarciaycia.com\/index.php?rest_route=\/wp\/v2\/users\/2"}],"replies":[{"embeddable":true,"href":"https:\/\/www.manologarciaycia.com\/index.php?rest_route=%2Fwp%2Fv2%2Fcomments&post=7092"}],"version-history":[{"count":2,"href":"https:\/\/www.manologarciaycia.com\/index.php?rest_route=\/wp\/v2\/posts\/7092\/revisions"}],"predecessor-version":[{"id":7096,"href":"https:\/\/www.manologarciaycia.com\/index.php?rest_route=\/wp\/v2\/posts\/7092\/revisions\/7096"}],"wp:attachment":[{"href":"https:\/\/www.manologarciaycia.com\/index.php?rest_route=%2Fwp%2Fv2%2Fmedia&parent=7092"}],"wp:term":[{"taxonomy":"category","embeddable":true,"href":"https:\/\/www.manologarciaycia.com\/index.php?rest_route=%2Fwp%2Fv2%2Fcategories&post=7092"},{"taxonomy":"post_tag","embeddable":true,"href":"https:\/\/www.manologarciaycia.com\/index.php?rest_route=%2Fwp%2Fv2%2Ftags&post=7092"}],"curies":[{"name":"wp","href":"https:\/\/api.w.org\/{rel}","templated":true}]}}