{"id":7084,"date":"2003-03-10T10:09:16","date_gmt":"2003-03-10T09:09:16","guid":{"rendered":"http:\/\/www.manologarciaycia.com\/?p=7084"},"modified":"2013-07-19T10:43:56","modified_gmt":"2013-07-19T08:43:56","slug":"mg-junto-a-miguel-rios-en-la-gala-premios-de-la-musica-100403","status":"publish","type":"post","link":"https:\/\/www.manologarciaycia.com\/?p=7084","title":{"rendered":"MG: Junto a Miguel R\u00edos en la Gala Premios de la M\u00fasica 10\/04\/03"},"content":{"rendered":"<p><b>MANOLO GARC\u00cdA<\/b> actuar\u00e1 junto a <b>Miguel R\u00edos<\/b> en la gala de los Premios de la M\u00fasica. <\/p>\n<p>El pr\u00f3ximo d\u00eda 10 Abril de 2.003 se retransmite la gala por Canal + a las 22:00 y el d\u00fao interpretara en dicha Gala <b>INSURRECCI\u00d3N<\/b>.<\/p>\n","protected":false},"excerpt":{"rendered":"<p>MANOLO GARC\u00cdA actuar\u00e1 junto a Miguel R\u00edos en la gala de los Premios de la M\u00fasica. El pr\u00f3ximo d\u00eda 10 Abril de 2.003 se retransmite la gala por Canal + a las 22:00 y el d\u00fao interpretara en dicha Gala INSURRECCI\u00d3N.<a class=\"moretag\" href=\"https:\/\/www.manologarciaycia.com\/?p=7084\" title=\"MG: Junto a Miguel R\u00edos en la Gala Premios de la M\u00fasica 10\/04\/03\" target=\"_self\" rel=\"follow\"> <font face=arial size=2>[Leer m\u00e1s]<\/font> <\/a><\/p>\n","protected":false},"author":2,"featured_media":0,"comment_status":"closed","ping_status":"closed","sticky":false,"template":"","format":"standard","meta":{"footnotes":""},"categories":[1],"tags":[],"class_list":["post-7084","post","type-post","status-publish","format-standard","hentry","category-manolo-garcia"],"_links":{"self":[{"href":"https:\/\/www.manologarciaycia.com\/index.php?rest_route=\/wp\/v2\/posts\/7084","targetHints":{"allow":["GET"]}}],"collection":[{"href":"https:\/\/www.manologarciaycia.com\/index.php?rest_route=\/wp\/v2\/posts"}],"about":[{"href":"https:\/\/www.manologarciaycia.com\/index.php?rest_route=\/wp\/v2\/types\/post"}],"author":[{"embeddable":true,"href":"https:\/\/www.manologarciaycia.com\/index.php?rest_route=\/wp\/v2\/users\/2"}],"replies":[{"embeddable":true,"href":"https:\/\/www.manologarciaycia.com\/index.php?rest_route=%2Fwp%2Fv2%2Fcomments&post=7084"}],"version-history":[{"count":2,"href":"https:\/\/www.manologarciaycia.com\/index.php?rest_route=\/wp\/v2\/posts\/7084\/revisions"}],"predecessor-version":[{"id":7097,"href":"https:\/\/www.manologarciaycia.com\/index.php?rest_route=\/wp\/v2\/posts\/7084\/revisions\/7097"}],"wp:attachment":[{"href":"https:\/\/www.manologarciaycia.com\/index.php?rest_route=%2Fwp%2Fv2%2Fmedia&parent=7084"}],"wp:term":[{"taxonomy":"category","embeddable":true,"href":"https:\/\/www.manologarciaycia.com\/index.php?rest_route=%2Fwp%2Fv2%2Fcategories&post=7084"},{"taxonomy":"post_tag","embeddable":true,"href":"https:\/\/www.manologarciaycia.com\/index.php?rest_route=%2Fwp%2Fv2%2Ftags&post=7084"}],"curies":[{"name":"wp","href":"https:\/\/api.w.org\/{rel}","templated":true}]}}