{"id":707,"date":"2010-08-31T15:40:55","date_gmt":"2010-08-31T14:40:55","guid":{"rendered":"http:\/\/petaos.net\/?p=707"},"modified":"2010-08-31T15:42:35","modified_gmt":"2010-08-31T14:42:35","slug":"mg-ya-a-la-venta-de-mares-y-visiones-canciones-de-una-decada","status":"publish","type":"post","link":"https:\/\/www.manologarciaycia.com\/?p=707","title":{"rendered":"MG: Ya a la venta \u00abDe mares y visiones. Canciones de una d\u00e9cada\u00bb"},"content":{"rendered":"<p>\u00ab<strong>De Mares y Visiones. Canciones de una d\u00e9cada<\/strong>\u00bb es un recopilatorio editado \u00fanicamente con el objetivo de dar a conocer la obra de <strong>Manolo Garcia<\/strong> en Latinoam\u00e9rica. El formato libro+CD+DVD incluye:<\/p>\n<p>-LIBRO con encuadernaci\u00f3n de lujo de 48 p\u00e1ginas, con textos, fotos y dibujos realizados por <strong>Manolo Garc\u00eda<\/strong>.<\/p>\n<p>-1 CD con 18 canciones, seleccionadas por <strong>Manolo Garcia<\/strong> de su obra en solitario, que incluye canciones m\u00edticas como \u201cCarb\u00f3n y ramas secas\u201d, \u201cP\u00e1jaros de barro\u201d, \u201cA San Fernando&#8230;\u201d, \u201cComo quien da un refresco\u00bb, \u201cRosa de Alejandr\u00eda\u201d o \u00abUna tarde de sol\u00bb.<\/p>\n<p>-1 DVD con videoclips y actuaciones en directo.<\/p>\n<p>El libro+CD+DVD \u201c<strong>De Mares y visiones. Canciones de una d\u00e9cada<\/strong>\u201d tiene unas dimensiones de 25,7x26x1 cm. y un peso de 605 gr.<\/p>\n<p>Para que en Espa\u00f1a se pueda acceder a \u00e9l sin tener que recurrir a costosas gestiones lo puedes comprar en su Web, haciendo click <a href=\"http:\/\/t.fans.sonymusicemail.com\/r\/?id=h312df77,28566be,286aed5\">aqu\u00ed<\/a>.<\/p>\n<p align=\"center\"><a href=\"http:\/\/t.fans.sonymusicemail.com\/r\/?id=h312df77,28566be,286aed6\"><\/a><\/p>\n<p><em>Mira un v\u00eddeo sobre c\u00f3mo es el libro+CD+DVD<\/em>:<\/p>\n<p align=\"center\"><a href=\"http:\/\/t.fans.sonymusicemail.com\/r\/?id=h312df77,28566be,286aed7\"><\/a><\/p>\n<p><object id=\"flashObj\" width=\"486\" height=\"412\" classid=\"clsid:D27CDB6E-AE6D-11cf-96B8-444553540000\" codebase=\"http:\/\/download.macromedia.com\/pub\/shockwave\/cabs\/flash\/swflash.cab#version=9,0,47,0\"><param name=\"movie\" value=\"http:\/\/c.brightcove.com\/services\/viewer\/federated_f9?isVid=1\" \/><param name=\"bgcolor\" value=\"#FFFFFF\" \/><param name=\"flashVars\" value=\"videoId=599008437001&#038;playerID=27614866001&#038;playerKey=AQ%2E%2E,AAAABm4M2uE%2E,P4hlqUB0VO7B7zrPkfvNUXyWWiRu9OT-&#038;domain=embed&#038;dynamicStreaming=true\" \/><param name=\"base\" value=\"http:\/\/admin.brightcove.com\" \/><param name=\"seamlesstabbing\" value=\"false\" \/><param name=\"allowFullScreen\" value=\"true\" \/><param name=\"swLiveConnect\" value=\"true\" \/><param name=\"allowScriptAccess\" value=\"always\" \/><embed src=\"http:\/\/c.brightcove.com\/services\/viewer\/federated_f9?isVid=1\" bgcolor=\"#FFFFFF\" flashVars=\"videoId=599008437001&#038;playerID=27614866001&#038;playerKey=AQ%2E%2E,AAAABm4M2uE%2E,P4hlqUB0VO7B7zrPkfvNUXyWWiRu9OT-&#038;domain=embed&#038;dynamicStreaming=true\" base=\"http:\/\/admin.brightcove.com\" name=\"flashObj\" width=\"486\" height=\"412\" seamlesstabbing=\"false\" type=\"application\/x-shockwave-flash\" allowFullScreen=\"true\" swLiveConnect=\"true\" allowScriptAccess=\"always\" pluginspage=\"http:\/\/www.macromedia.com\/shockwave\/download\/index.cgi?P1_Prod_Version=ShockwaveFlash\"><\/embed><\/object><\/p>\n","protected":false},"excerpt":{"rendered":"<p>\u00abDe Mares y Visiones. Canciones de una d\u00e9cada\u00bb es un recopilatorio editado \u00fanicamente con el objetivo de dar a conocer la obra de Manolo Garcia en Latinoam\u00e9rica. El formato libro+CD+DVD incluye: -LIBRO con encuadernaci\u00f3n de lujo de 48 p\u00e1ginas, con textos, fotos y dibujos realizados por Manolo Garc\u00eda. -1 CD con 18 canciones, seleccionadas por<a class=\"moretag\" href=\"https:\/\/www.manologarciaycia.com\/?p=707\" title=\"MG: Ya a la venta \u00abDe mares y visiones. Canciones de una d\u00e9cada\u00bb\" target=\"_self\" rel=\"follow\"> <font face=arial size=2>[Leer m\u00e1s]<\/font> <\/a><\/p>\n","protected":false},"author":2,"featured_media":0,"comment_status":"closed","ping_status":"closed","sticky":false,"template":"","format":"standard","meta":{"footnotes":""},"categories":[1],"tags":[122],"class_list":["post-707","post","type-post","status-publish","format-standard","hentry","category-manolo-garcia","tag-manolo-garcia-de-mares-y-visiones-recopilatorio-decada"],"_links":{"self":[{"href":"https:\/\/www.manologarciaycia.com\/index.php?rest_route=\/wp\/v2\/posts\/707","targetHints":{"allow":["GET"]}}],"collection":[{"href":"https:\/\/www.manologarciaycia.com\/index.php?rest_route=\/wp\/v2\/posts"}],"about":[{"href":"https:\/\/www.manologarciaycia.com\/index.php?rest_route=\/wp\/v2\/types\/post"}],"author":[{"embeddable":true,"href":"https:\/\/www.manologarciaycia.com\/index.php?rest_route=\/wp\/v2\/users\/2"}],"replies":[{"embeddable":true,"href":"https:\/\/www.manologarciaycia.com\/index.php?rest_route=%2Fwp%2Fv2%2Fcomments&post=707"}],"version-history":[{"count":3,"href":"https:\/\/www.manologarciaycia.com\/index.php?rest_route=\/wp\/v2\/posts\/707\/revisions"}],"predecessor-version":[{"id":710,"href":"https:\/\/www.manologarciaycia.com\/index.php?rest_route=\/wp\/v2\/posts\/707\/revisions\/710"}],"wp:attachment":[{"href":"https:\/\/www.manologarciaycia.com\/index.php?rest_route=%2Fwp%2Fv2%2Fmedia&parent=707"}],"wp:term":[{"taxonomy":"category","embeddable":true,"href":"https:\/\/www.manologarciaycia.com\/index.php?rest_route=%2Fwp%2Fv2%2Fcategories&post=707"},{"taxonomy":"post_tag","embeddable":true,"href":"https:\/\/www.manologarciaycia.com\/index.php?rest_route=%2Fwp%2Fv2%2Ftags&post=707"}],"curies":[{"name":"wp","href":"https:\/\/api.w.org\/{rel}","templated":true}]}}