{"id":700,"date":"2010-08-25T08:01:34","date_gmt":"2010-08-25T07:01:34","guid":{"rendered":"http:\/\/petaos.net\/?p=700"},"modified":"2010-08-25T08:04:28","modified_gmt":"2010-08-25T07:04:28","slug":"mg-el-cantante-manolo-garcia-%c2%aborgulloso%c2%bb-embajador-de-la-feria","status":"publish","type":"post","link":"https:\/\/www.manologarciaycia.com\/?p=700","title":{"rendered":"MG: El cantante Manolo Garc\u00eda, \u00aborgulloso\u00bb embajador de la Feria"},"content":{"rendered":"<p><a href=\"http:\/\/www.laverdad.es\/albacete\/v\/20100825\/cultura\/cantante-manolo-garcia-orgulloso-20100825.html\" target=\"_self\"><img loading=\"lazy\" decoding=\"async\" class=\"alignright\" src=\"http:\/\/www.laverdad.es\/murcia\/prensa\/noticias\/201008\/25\/fotos\/4467733.jpg\" alt=\"\" width=\"300\" height=\"262\" \/><\/a>El compositor no   podr\u00e1 estar en la Feria \tdebido a la promoci\u00f3n de un recopilatorio \ten Sudam\u00e9rica.<\/p>\n<div id=\"story-texto\">\n<div>\u00abCuando subo de Almansa para arriba, se me alegra el  coraz\u00f3n por estar en mi tierra, en mis or\u00edgenes\u00bb. As\u00ed calific\u00f3 ayer  Manolo Garc\u00eda a Albacete, la provincia de sus ra\u00edces, que le homenaje\u00f3  entreg\u00e1ndole la placa que le acredita como embajador de la Feria del III  Centenario. Manolo Garc\u00eda hizo un hueco y pas\u00f3 por la capital  albacete\u00f1a para el acto, donde tambi\u00e9n recibi\u00f3 una navaja, aunque no  podr\u00e1 estar presente durante la celebraci\u00f3n puesto que viajar\u00e1  pr\u00f3ximamente a Argentina y Uruguay para promocionar un disco  recopilatorio de sus trabajos en solitario.<\/div>\n<div><\/div>\n<div><\/div>\n<div><\/div>\n<div>El cantante afirm\u00f3 que el III Centenario es una fecha  \u00ab\u00fanica, que pocas ciudades en Espa\u00f1a tienen\u00bb. Tambi\u00e9n indic\u00f3 que no le  va a costar ser embajador, porque \u00absiempre he hablado con cari\u00f1o de esta  tierra, sin tener que hacer ning\u00fan esfuerzo\u00bb.<\/div>\n<div><\/div>\n<div>Para Manolo Garc\u00eda, la infancia es la \u00abpatria de las  personas, y mi entorno y mi cultura han sido Albacete, aunque tambi\u00e9n  haya vivido en Barcelona\u00bb. Seg\u00fan el cantante, muchas canciones hablan  expl\u00edcitamente o de forma m\u00e1s velada de la provincia albacete\u00f1a.<\/div>\n<div><\/div>\n<div>La alcaldesa, Carmen Oliver, agradeci\u00f3 a Manolo Garc\u00eda el  hueco en la agenda para recibir la placa, un gesto \u00absencillo, pero  importante\u00bb.<\/div>\n<\/div>\n<div>Fuente: La Verdad &#8211; Mar\u00eda Garc\u00eda Clemente, M.Podio &#8211; <a href=\"http:\/\/www.laverdad.es\/albacete\/v\/20100825\/cultura\/cantante-manolo-garcia-orgulloso-20100825.html\" target=\"_blank\">ENLACE<\/a><\/div>\n","protected":false},"excerpt":{"rendered":"<p>El compositor no podr\u00e1 estar en la Feria debido a la promoci\u00f3n de un recopilatorio en Sudam\u00e9rica. \u00abCuando subo de Almansa para arriba, se me alegra el coraz\u00f3n por estar en mi tierra, en mis or\u00edgenes\u00bb. As\u00ed calific\u00f3 ayer Manolo Garc\u00eda a Albacete, la provincia de sus ra\u00edces, que le homenaje\u00f3 entreg\u00e1ndole la placa que<a class=\"moretag\" href=\"https:\/\/www.manologarciaycia.com\/?p=700\" title=\"MG: El cantante Manolo Garc\u00eda, \u00aborgulloso\u00bb embajador de la Feria\" target=\"_self\" rel=\"follow\"> <font face=arial size=2>[Leer m\u00e1s]<\/font> <\/a><\/p>\n","protected":false},"author":2,"featured_media":0,"comment_status":"closed","ping_status":"closed","sticky":false,"template":"","format":"standard","meta":{"footnotes":""},"categories":[1],"tags":[120],"class_list":["post-700","post","type-post","status-publish","format-standard","hentry","category-manolo-garcia","tag-manolo-garcia-albacete-embajador"],"_links":{"self":[{"href":"https:\/\/www.manologarciaycia.com\/index.php?rest_route=\/wp\/v2\/posts\/700","targetHints":{"allow":["GET"]}}],"collection":[{"href":"https:\/\/www.manologarciaycia.com\/index.php?rest_route=\/wp\/v2\/posts"}],"about":[{"href":"https:\/\/www.manologarciaycia.com\/index.php?rest_route=\/wp\/v2\/types\/post"}],"author":[{"embeddable":true,"href":"https:\/\/www.manologarciaycia.com\/index.php?rest_route=\/wp\/v2\/users\/2"}],"replies":[{"embeddable":true,"href":"https:\/\/www.manologarciaycia.com\/index.php?rest_route=%2Fwp%2Fv2%2Fcomments&post=700"}],"version-history":[{"count":4,"href":"https:\/\/www.manologarciaycia.com\/index.php?rest_route=\/wp\/v2\/posts\/700\/revisions"}],"predecessor-version":[{"id":704,"href":"https:\/\/www.manologarciaycia.com\/index.php?rest_route=\/wp\/v2\/posts\/700\/revisions\/704"}],"wp:attachment":[{"href":"https:\/\/www.manologarciaycia.com\/index.php?rest_route=%2Fwp%2Fv2%2Fmedia&parent=700"}],"wp:term":[{"taxonomy":"category","embeddable":true,"href":"https:\/\/www.manologarciaycia.com\/index.php?rest_route=%2Fwp%2Fv2%2Fcategories&post=700"},{"taxonomy":"post_tag","embeddable":true,"href":"https:\/\/www.manologarciaycia.com\/index.php?rest_route=%2Fwp%2Fv2%2Ftags&post=700"}],"curies":[{"name":"wp","href":"https:\/\/api.w.org\/{rel}","templated":true}]}}