{"id":695,"date":"2010-08-25T07:40:11","date_gmt":"2010-08-25T06:40:11","guid":{"rendered":"http:\/\/petaos.net\/?p=695"},"modified":"2010-08-25T08:00:39","modified_gmt":"2010-08-25T07:00:39","slug":"mg-manolo-garcia-muy-orgulloso-al-convertirse-en-embajador-feria-de-albacete","status":"publish","type":"post","link":"https:\/\/www.manologarciaycia.com\/?p=695","title":{"rendered":"MG: Manolo Garc\u00eda, muy orgulloso al convertirse en \u00abembajador\u00bb &#8211; Feria de Albacete"},"content":{"rendered":"<p>El cantante Manolo Garc\u00eda ha sido investido hoy en el Teatro Circo de Albacete como nuevo embajador de la Feria de esta ciudad, distinci\u00f3n de la que se ha mostrado \u00abmuy orgulloso\u00bb al convertirse en la imagen de la tierra de sus padres.<\/p>\n<p>\u00abCuando subo de Almansa hacia arriba, direcci\u00f3n Albacete, el coraz\u00f3n se me altera\u00bb, ha reconocido el artista barcelon\u00e9s, tras afirmar que tiene \u00abun 95 por ciento\u00bb de familiares afincados en la provincia albacete\u00f1a.<\/p>\n<p>Sus padres son de F\u00e9rez, un pueblo albacete\u00f1o del que el cantante ha afirmado guardar \u00abunos recuerdos impagables\u00bb de su infancia, dado que \u00abes la tierra de mis or\u00edgenes, donde yo iba cuando sal\u00eda de la ciudad, de Barcelona o Valencia, para pasar los veranos cuando era peque\u00f1o\u00bb.<\/p>\n<p>El ser nombrado embajador de la Feria, junto a otras cincuenta personas, es un \u00aborgullo y honor para m\u00ed\u00bb, ha aseverado Garc\u00eda, quien se ha comprometido a \u00abmostrar las magnificencias y el enorme legado cultural de esta ciudad\u00bb, a la que ha aludido en un gran n\u00famero de letras de sus canciones.<\/p>\n<p>A este respecto ha puntualizado: \u00abSiempre he sido un embajador de esta tierra sin fingir. Tengo una predilecci\u00f3n especial por esta tierra y por su gente\u00bb.<\/p>\n<p>Aunque no podr\u00e1 estar en la celebraci\u00f3n del III Centenario de la Feria, el pr\u00f3ximo mes de septiembre, el solista barcelon\u00e9s ha recomendado estas fiestas, al considerar que Albacete \u00abes una ciudad \u00fanica por la feria que tiene\u00bb.<\/p>\n<p>Durante el acto en el que la alcaldesa de Albacete, Carmen Oliver, le ha entregado la placa de embajador de la feria albacete\u00f1a, una fan le ha preguntado por su mejor momento como profesional.<\/p>\n<p>Manolo Garc\u00eda ha contestado que fue el Concierto para Amnist\u00eda Internacional ofrecido en Barcelona, y ha especificado que \u00ablo fue por actuar ante m\u00e1s de 100.000 personas, por cantar con algunos de mis \u00eddolos, como Bruce Springsteen, Peter Gabriel o Sting y por ser un acto en defensa de los derechos humanos\u00bb.<\/p>\n<p>Adem\u00e1s de la placa de reconocimiento como nuevo embajador del III Centenario de la confirmaci\u00f3n de la Feria de Albacete, Carmen Oliver ha entregado al cantante una navaja t\u00edpica de la ciudad. EFE     1011018<\/p>\n<p>Fuente: EFE &#8211; ABC.es &#8211; <a href=\"http:\/\/www.abc.es\/agencias\/noticia.asp?noticia=494776\" target=\"_blank\">ENLACE<\/a><\/p>\n","protected":false},"excerpt":{"rendered":"<p>El cantante Manolo Garc\u00eda ha sido investido hoy en el Teatro Circo de Albacete como nuevo embajador de la Feria de esta ciudad, distinci\u00f3n de la que se ha mostrado \u00abmuy orgulloso\u00bb al convertirse en la imagen de la tierra de sus padres. \u00abCuando subo de Almansa hacia arriba, direcci\u00f3n Albacete, el coraz\u00f3n se me<a class=\"moretag\" href=\"https:\/\/www.manologarciaycia.com\/?p=695\" title=\"MG: Manolo Garc\u00eda, muy orgulloso al convertirse en \u00abembajador\u00bb &#8211; Feria de Albacete\" target=\"_self\" rel=\"follow\"> <font face=arial size=2>[Leer m\u00e1s]<\/font> <\/a><\/p>\n","protected":false},"author":2,"featured_media":0,"comment_status":"closed","ping_status":"closed","sticky":false,"template":"","format":"standard","meta":{"footnotes":""},"categories":[1],"tags":[121],"class_list":["post-695","post","type-post","status-publish","format-standard","hentry","category-manolo-garcia","tag-manolo-garcia-embajador-albacete-feria"],"_links":{"self":[{"href":"https:\/\/www.manologarciaycia.com\/index.php?rest_route=\/wp\/v2\/posts\/695","targetHints":{"allow":["GET"]}}],"collection":[{"href":"https:\/\/www.manologarciaycia.com\/index.php?rest_route=\/wp\/v2\/posts"}],"about":[{"href":"https:\/\/www.manologarciaycia.com\/index.php?rest_route=\/wp\/v2\/types\/post"}],"author":[{"embeddable":true,"href":"https:\/\/www.manologarciaycia.com\/index.php?rest_route=\/wp\/v2\/users\/2"}],"replies":[{"embeddable":true,"href":"https:\/\/www.manologarciaycia.com\/index.php?rest_route=%2Fwp%2Fv2%2Fcomments&post=695"}],"version-history":[{"count":3,"href":"https:\/\/www.manologarciaycia.com\/index.php?rest_route=\/wp\/v2\/posts\/695\/revisions"}],"predecessor-version":[{"id":699,"href":"https:\/\/www.manologarciaycia.com\/index.php?rest_route=\/wp\/v2\/posts\/695\/revisions\/699"}],"wp:attachment":[{"href":"https:\/\/www.manologarciaycia.com\/index.php?rest_route=%2Fwp%2Fv2%2Fmedia&parent=695"}],"wp:term":[{"taxonomy":"category","embeddable":true,"href":"https:\/\/www.manologarciaycia.com\/index.php?rest_route=%2Fwp%2Fv2%2Fcategories&post=695"},{"taxonomy":"post_tag","embeddable":true,"href":"https:\/\/www.manologarciaycia.com\/index.php?rest_route=%2Fwp%2Fv2%2Ftags&post=695"}],"curies":[{"name":"wp","href":"https:\/\/api.w.org\/{rel}","templated":true}]}}