{"id":693,"date":"2010-08-25T07:50:19","date_gmt":"2010-08-25T06:50:19","guid":{"rendered":"http:\/\/petaos.net\/?p=693"},"modified":"2010-08-25T07:58:39","modified_gmt":"2010-08-25T06:58:39","slug":"mg-manolo-garcia-nuevo-embajador-de-albacete","status":"publish","type":"post","link":"https:\/\/www.manologarciaycia.com\/?p=693","title":{"rendered":"MG: Manolo Garc\u00eda nuevo embajador Feria de Albacete"},"content":{"rendered":"<p><img loading=\"lazy\" decoding=\"async\" class=\"alignleft\" src=\"http:\/\/www.latribunadealbacete.es\/media\/imagenes\/A57523E9-B109-C879-1F27A333F6033BF7.JPG\" alt=\"\" width=\"320\" height=\"213\" \/><\/p>\n<h2>El cantante ha asegurado que su nueva funci\u00f3n \u00abno requerir\u00e1 un gran esfuerzo\u00bb<\/h2>\n<p>La alcaldesa, Carmen Oliver, acompa\u00f1ada por Soledad Velasco, concejala  de Feria y Festejos; Carmen Bayod, portavoz del Partido Popular y  Antonio Mart\u00ednez, portavoz del Partido Socialista, ha entregado a Manolo  Garc\u00eda la placa conmemorativa que constata su nuevo t\u00edtulo como  embajador de la Feria.<\/p>\n<p>El catal\u00e1n, arraigado a nuestra provincia por  parte de su familia materna, se ha mostrado muy agradecido y ha  asegurado que esta nueva funci\u00f3n de \u00abpropagar las magnificencias de la  ciudad es una obligaci\u00f3n que voy a llevar con muchas ganas, orgullo,  honor y alegr\u00eda\u00bb.<\/p>\n<p>Asegura que tiene \u00abrecuerdos impagables de ni\u00f1o\u00bb,  m\u00e1s que de la capital, de la provincia en general, a la que acceder  significaba para \u00e9l \u00abcruzar una frontera magn\u00edfica que me llevaba de la  gran ciudad, como pod\u00eda ser Valencia o Barcelona, a una tierra diferente  de la que recuerdo una naturaleza floreciente. Soy sincero, cuando subo  de Almansa hacia arriba, el coraz\u00f3n se me alegra\u00bb. Por todo ello, el  cantante ha asegurado que no sentir\u00e1 la necesidad de esforzarse  demasiado para ser embajador de nuestra ciudad, dado que \u00absiempre he  sentido una predilecci\u00f3n especial por Albacete\u00bb. Y es que, asegura que  esta es su tierra, \u00abla tierra de mis or\u00edgenes\u00bb.<\/p>\n<p><strong>VISITA A ALBACETE.<\/strong><\/p>\n<p>Preguntado por la posibilidad de que visite la Feria del III  Centenario, Manolo Garc\u00eda, quien ha asegurado que Albacete \u00abes una  ciudad especial\u00bb al poder disfrutar de la efem\u00e9ride del Centenario, con  la que no cuentan otras ciudades de Espa\u00f1a, ha dicho que se marcha este  mismo viernes de gira por Argentina y Urugay para promocionar un CD  recopilatorio con sus canciones en solitario que ya se ha puesto a la  venta en latinoam\u00e9rica y ha manifestado que \u00abaunque ser\u00eda una ocasi\u00f3n  excelente para pasar por aqu\u00ed, no va a poder darse esta visita porque  tengo una norma y es que hasta que no hago un disco nuevo no repito  ciudad, ese recopilatorio no ha salido todav\u00eda aqu\u00ed, y en este caso ya  estuve en Albacete con mi \u00faltimo disco, as\u00ed que no ser\u00e1 posible\u00bb.<\/p>\n<p>Sin  embargo, ha querido tomar la palabra a la alcaldesa, Carmen Oliver,  quien lo ha invitado a visitarnos m\u00e1s tranquilamente con una actuaci\u00f3n  en el Teatro Circo, sobre el que el catal\u00e1n ha asegurado que \u00abme ha  parecido precioso el nombre y creo que alg\u00fan d\u00eda har\u00e9 uso de \u00e9l\u00bb.<\/p>\n<p>El  cantante ha querido, adem\u00e1s, hacer un inciso para mostrar su admiraci\u00f3n  por la ciudad que \u00absiempre tiene este importante \u00edmpetu por que la  cultura contin\u00fae avanzando\u00bb.<\/p>\n<p>La ciudad, que ya cuenta con un elevado  n\u00famero de embajadores, ha sumado uno m\u00e1s, Manolo Garc\u00eda, al que se  unir\u00e1n otros nuevos durante el acto de nombramiento de embajadores y  embajadoras de la Feria de Albacete que tendr\u00e1 lugar el pr\u00f3ximo d\u00eda 1 de  Septiembre a las 18.30 horas en el Teatro Circo.<\/p>\n<p>Fuente: Tribuna de Albacete &#8211; S. Manzano &#8211; <a href=\"http:\/\/www.latribunadealbacete.es\/noticia.cfm\/Local\/20100825\/manolo\/garcia\/es\/nuevo\/embajador\/ciudad\/A572DE15-F793-C9E0-1FFEA2AD8D665743\" target=\"_blank\">ENLACE<\/a><\/p>\n","protected":false},"excerpt":{"rendered":"<p>El cantante ha asegurado que su nueva funci\u00f3n \u00abno requerir\u00e1 un gran esfuerzo\u00bb La alcaldesa, Carmen Oliver, acompa\u00f1ada por Soledad Velasco, concejala de Feria y Festejos; Carmen Bayod, portavoz del Partido Popular y Antonio Mart\u00ednez, portavoz del Partido Socialista, ha entregado a Manolo Garc\u00eda la placa conmemorativa que constata su nuevo t\u00edtulo como embajador de<a class=\"moretag\" href=\"https:\/\/www.manologarciaycia.com\/?p=693\" title=\"MG: Manolo Garc\u00eda nuevo embajador Feria de Albacete\" target=\"_self\" rel=\"follow\"> <font face=arial size=2>[Leer m\u00e1s]<\/font> <\/a><\/p>\n","protected":false},"author":2,"featured_media":0,"comment_status":"closed","ping_status":"closed","sticky":false,"template":"","format":"standard","meta":{"footnotes":""},"categories":[1],"tags":[120],"class_list":["post-693","post","type-post","status-publish","format-standard","hentry","category-manolo-garcia","tag-manolo-garcia-albacete-embajador"],"_links":{"self":[{"href":"https:\/\/www.manologarciaycia.com\/index.php?rest_route=\/wp\/v2\/posts\/693","targetHints":{"allow":["GET"]}}],"collection":[{"href":"https:\/\/www.manologarciaycia.com\/index.php?rest_route=\/wp\/v2\/posts"}],"about":[{"href":"https:\/\/www.manologarciaycia.com\/index.php?rest_route=\/wp\/v2\/types\/post"}],"author":[{"embeddable":true,"href":"https:\/\/www.manologarciaycia.com\/index.php?rest_route=\/wp\/v2\/users\/2"}],"replies":[{"embeddable":true,"href":"https:\/\/www.manologarciaycia.com\/index.php?rest_route=%2Fwp%2Fv2%2Fcomments&post=693"}],"version-history":[{"count":2,"href":"https:\/\/www.manologarciaycia.com\/index.php?rest_route=\/wp\/v2\/posts\/693\/revisions"}],"predecessor-version":[{"id":698,"href":"https:\/\/www.manologarciaycia.com\/index.php?rest_route=\/wp\/v2\/posts\/693\/revisions\/698"}],"wp:attachment":[{"href":"https:\/\/www.manologarciaycia.com\/index.php?rest_route=%2Fwp%2Fv2%2Fmedia&parent=693"}],"wp:term":[{"taxonomy":"category","embeddable":true,"href":"https:\/\/www.manologarciaycia.com\/index.php?rest_route=%2Fwp%2Fv2%2Fcategories&post=693"},{"taxonomy":"post_tag","embeddable":true,"href":"https:\/\/www.manologarciaycia.com\/index.php?rest_route=%2Fwp%2Fv2%2Ftags&post=693"}],"curies":[{"name":"wp","href":"https:\/\/api.w.org\/{rel}","templated":true}]}}