{"id":6900,"date":"2013-06-20T09:37:21","date_gmt":"2013-06-20T07:37:21","guid":{"rendered":"http:\/\/www.manologarciaycia.com\/?p=6900"},"modified":"2013-06-24T13:07:02","modified_gmt":"2013-06-24T11:07:02","slug":"mg-el-honor-de-manolo-garcia-bisbal-y-malu-por-cantar-con-su-amigo-sanz","status":"publish","type":"post","link":"https:\/\/www.manologarciaycia.com\/?p=6900","title":{"rendered":"MG: El honor de Manolo Garc\u00eda, Bisbal y Mal\u00fa por cantar con su amigo Sanz"},"content":{"rendered":"<p><center><iframe loading=\"lazy\" width=\"420\" height=\"315\" src=\"http:\/\/www.youtube.com\/embed\/vTkoTmBRws0\" frameborder=\"0\" allowfullscreen><\/iframe><\/p>\n<p><iframe loading=\"lazy\" width=\"560\" height=\"315\" src=\"http:\/\/www.youtube.com\/embed\/hZ6W4xrLsGE\" frameborder=\"0\" allowfullscreen><\/iframe><\/center><\/p>\n<p>Tres de los cinco cantantes que han acompa\u00f1ado hoy a Alejandro Sanz en el concierto que ha ofrecido en Sevilla dentro de la gira \u00abLa m\u00fasica no se toca\u00bb, Manolo Garc\u00eda, David Bisbal y Mal\u00fa, han destacado el \u00abhonor\u00bb que ha supuesto para ellos participar en la actuaci\u00f3n con su amigo.<\/p>\n<p>En la fiesta posterior a la actuaci\u00f3n, Manolo Garc\u00eda, antiguo miembro de El \u00daltimo de la Fila y Los Burros, ha dicho a los periodistas que nada m\u00e1s subir al escenario se ha puesto \u00abcontento\u00bb.<\/p>\n<p>\u00abHe visto al p\u00fablico de Sevilla, a Alejandro sonre\u00edr y me ha dado subid\u00f3n, y he dicho: &#8216;C\u00f3mo mola esto'\u00bb, ha comentado Garc\u00eda, que ha reconocido que ya es \u00abveterano\u00bb en el mundo de la m\u00fasica y que se ha emocionado con algunas canciones de Sanz.<\/p>\n<p>En la actuaci\u00f3n de Sevilla, Alejandro Sanz ha estado acompa\u00f1ado por el brit\u00e1nico Jamie Cullum, Pablo Albor\u00e1n, David Bisbal, Mal\u00fa y Manolo Garc\u00eda.<\/p>\n<p> Fuente: El Confidencial, EFE &#8211; <a href='http:\/\/www.elconfidencial.com\/ultima-hora-en-vivo\/2013\/06\/honor-manolo-garcia-bisbal-cantar-amigo-20130620-163505.html' targeT=_new>ENLACE<\/A><\/p>\n<p><img loading=\"lazy\" decoding=\"async\" src=\"http:\/\/www.manologarciaycia.com\/wp-content\/uploads\/2013\/06\/MG_Ensayos_concierto_AlejandroSanz.jpg\" alt=\"MG_Ensayos_concierto_AlejandroSanz\" width=\"423\" height=\"551\" class=\"aligncenter size-full wp-image-6908\" srcset=\"https:\/\/www.manologarciaycia.com\/wp-content\/uploads\/2013\/06\/MG_Ensayos_concierto_AlejandroSanz.jpg 423w, https:\/\/www.manologarciaycia.com\/wp-content\/uploads\/2013\/06\/MG_Ensayos_concierto_AlejandroSanz-230x300.jpg 230w\" sizes=\"auto, (max-width: 423px) 100vw, 423px\" \/><\/p>\n<p>Pablo Albor\u00e1n pos\u00f3 para los fot\u00f3grafos tras el concierto, aunque no atendi\u00f3 a la prensa, mientras que el almeriense David Bisbal ha asegurado que todos los cantantes que actuaron hoy \u00abadmiran\u00bb a Sanz.<\/p>\n<p>\u00abDe alguna manera, estar en este concierto tan especial para Alejandro ha sido un honor\u00bb, ha resumido Bisbal antes de anunciar que para febrero pr\u00f3ximo prev\u00e9 sacar un nuevo disco.<\/p>\n<p>Antes de la fiesta, Mal\u00fa dijo a los periodistas que estar en Sevilla, \u00abmi casa\u00bb, era especial para ella y m\u00e1s junto a Sanz, del que subray\u00f3 que es \u00abmuy generoso\u00bb y al que le une una \u00abamistad de siempre, desde que tengo uso de raz\u00f3n\u00bb, ha apostillado.<\/p>\n<p>Tras la actuaci\u00f3n, el cantante organiz\u00f3 en el Estadio de La Cartuja una fiesta a la que asistieron, entre otros, el cantante Arc\u00e1ngel, el trianero Junior Miguez, absolutamente recuperado de su antigua enfermedad, y el esposo de la duquesa de Alba, Alfonso D\u00edez.<\/p>\n<p>Cuando lleg\u00f3 a la fiesta despu\u00e9s de la actuaci\u00f3n, Alejandro Sanz fue directamente a una zona reservada para determinados invitados.<\/p>\n<p>Sanz hab\u00eda explicado que eligi\u00f3 al elenco de cantantes que le acompa\u00f1aron porque todos ellos, menos el brit\u00e1nico Cullum, son representativos de la m\u00fasica espa\u00f1ola, desde Manolo Garc\u00eda, que \u00abforma parte de nuestra banda sonora de toda la vida\u00bb, hasta Pablo Albor\u00e1n, la \u00ab\u00faltima joya de la corona\u00bb. <\/p>\n<p><img loading=\"lazy\" decoding=\"async\" src=\"http:\/\/www.manologarciaycia.com\/wp-content\/uploads\/2013\/06\/MG_Ensayos2_concierto_AlejandroSanz.jpg\" alt=\"MG_Ensayos2_concierto_AlejandroSanz\" width=\"550\" height=\"423\" class=\"aligncenter size-full wp-image-6909\" srcset=\"https:\/\/www.manologarciaycia.com\/wp-content\/uploads\/2013\/06\/MG_Ensayos2_concierto_AlejandroSanz.jpg 550w, https:\/\/www.manologarciaycia.com\/wp-content\/uploads\/2013\/06\/MG_Ensayos2_concierto_AlejandroSanz-300x230.jpg 300w\" sizes=\"auto, (max-width: 550px) 100vw, 550px\" \/><\/p>\n<p><img loading=\"lazy\" decoding=\"async\" src=\"http:\/\/www.manologarciaycia.com\/wp-content\/uploads\/2013\/06\/MG_Photocall_concierto_AlejandroSanz.jpg\" alt=\"MG_Photocall_concierto_AlejandroSanz\" width=\"308\" height=\"464\" class=\"aligncenter size-full wp-image-6910\" srcset=\"https:\/\/www.manologarciaycia.com\/wp-content\/uploads\/2013\/06\/MG_Photocall_concierto_AlejandroSanz.jpg 308w, https:\/\/www.manologarciaycia.com\/wp-content\/uploads\/2013\/06\/MG_Photocall_concierto_AlejandroSanz-199x300.jpg 199w\" sizes=\"auto, (max-width: 308px) 100vw, 308px\" \/><\/p>\n<p><img loading=\"lazy\" decoding=\"async\" src=\"http:\/\/www.manologarciaycia.com\/wp-content\/uploads\/2013\/06\/MG_Photocall_concierto_AlejandroSanz_2.jpg\" alt=\"MG_Photocall_concierto_AlejandroSanz_2\" width=\"515\" height=\"800\" class=\"aligncenter size-full wp-image-6911\" srcset=\"https:\/\/www.manologarciaycia.com\/wp-content\/uploads\/2013\/06\/MG_Photocall_concierto_AlejandroSanz_2.jpg 515w, https:\/\/www.manologarciaycia.com\/wp-content\/uploads\/2013\/06\/MG_Photocall_concierto_AlejandroSanz_2-193x300.jpg 193w\" sizes=\"auto, (max-width: 515px) 100vw, 515px\" \/><\/p>\n","protected":false},"excerpt":{"rendered":"<p>Tres de los cinco cantantes que han acompa\u00f1ado hoy a Alejandro Sanz en el concierto que ha ofrecido en Sevilla dentro de la gira \u00abLa m\u00fasica no se toca\u00bb, Manolo Garc\u00eda, David Bisbal y Mal\u00fa, han destacado el \u00abhonor\u00bb que ha supuesto para ellos participar en la actuaci\u00f3n con su amigo. En la fiesta posterior<a class=\"moretag\" href=\"https:\/\/www.manologarciaycia.com\/?p=6900\" title=\"MG: El honor de Manolo Garc\u00eda, Bisbal y Mal\u00fa por cantar con su amigo Sanz\" target=\"_self\" rel=\"follow\"> <font face=arial size=2>[Leer m\u00e1s]<\/font> <\/a><\/p>\n","protected":false},"author":2,"featured_media":0,"comment_status":"closed","ping_status":"closed","sticky":false,"template":"","format":"standard","meta":{"footnotes":""},"categories":[1,23],"tags":[],"class_list":["post-6900","post","type-post","status-publish","format-standard","hentry","category-manolo-garcia","category-otros"],"_links":{"self":[{"href":"https:\/\/www.manologarciaycia.com\/index.php?rest_route=\/wp\/v2\/posts\/6900","targetHints":{"allow":["GET"]}}],"collection":[{"href":"https:\/\/www.manologarciaycia.com\/index.php?rest_route=\/wp\/v2\/posts"}],"about":[{"href":"https:\/\/www.manologarciaycia.com\/index.php?rest_route=\/wp\/v2\/types\/post"}],"author":[{"embeddable":true,"href":"https:\/\/www.manologarciaycia.com\/index.php?rest_route=\/wp\/v2\/users\/2"}],"replies":[{"embeddable":true,"href":"https:\/\/www.manologarciaycia.com\/index.php?rest_route=%2Fwp%2Fv2%2Fcomments&post=6900"}],"version-history":[{"count":8,"href":"https:\/\/www.manologarciaycia.com\/index.php?rest_route=\/wp\/v2\/posts\/6900\/revisions"}],"predecessor-version":[{"id":6923,"href":"https:\/\/www.manologarciaycia.com\/index.php?rest_route=\/wp\/v2\/posts\/6900\/revisions\/6923"}],"wp:attachment":[{"href":"https:\/\/www.manologarciaycia.com\/index.php?rest_route=%2Fwp%2Fv2%2Fmedia&parent=6900"}],"wp:term":[{"taxonomy":"category","embeddable":true,"href":"https:\/\/www.manologarciaycia.com\/index.php?rest_route=%2Fwp%2Fv2%2Fcategories&post=6900"},{"taxonomy":"post_tag","embeddable":true,"href":"https:\/\/www.manologarciaycia.com\/index.php?rest_route=%2Fwp%2Fv2%2Ftags&post=6900"}],"curies":[{"name":"wp","href":"https:\/\/api.w.org\/{rel}","templated":true}]}}