{"id":690,"date":"2010-08-23T08:00:52","date_gmt":"2010-08-23T07:00:52","guid":{"rendered":"http:\/\/petaos.net\/?p=690"},"modified":"2010-08-23T08:02:38","modified_gmt":"2010-08-23T07:02:38","slug":"mg-segun-sony-argentina-mg-alli-pero-en-noviembre-y-no-octubre","status":"publish","type":"post","link":"https:\/\/www.manologarciaycia.com\/?p=690","title":{"rendered":"MG: seg\u00fan Sony Argentina, MG all\u00ed pero en Noviembre (y no octubre)"},"content":{"rendered":"<p>Manolo comenzar\u00e1 una gira promocional y de conciertos organizados por Day1, visitando Argentina en el mes de Noviembre.<\/p>\n<p>Fuente: Sony Music Argentina &#8211; <a href=\"http:\/\/www.sonymusic.com.ar\/DetNoticia.asp?Gac_Cod=13267\" target=\"_blank\">ENLACE<\/a><\/p>\n","protected":false},"excerpt":{"rendered":"<p>Manolo comenzar\u00e1 una gira promocional y de conciertos organizados por Day1, visitando Argentina en el mes de Noviembre. Fuente: Sony Music Argentina &#8211; ENLACE<a class=\"moretag\" href=\"https:\/\/www.manologarciaycia.com\/?p=690\" title=\"MG: seg\u00fan Sony Argentina, MG all\u00ed pero en Noviembre (y no octubre)\" target=\"_self\" rel=\"follow\"> <font face=arial size=2>[Leer m\u00e1s]<\/font> <\/a><\/p>\n","protected":false},"author":2,"featured_media":0,"comment_status":"closed","ping_status":"closed","sticky":false,"template":"","format":"standard","meta":{"footnotes":""},"categories":[1],"tags":[119],"class_list":["post-690","post","type-post","status-publish","format-standard","hentry","category-manolo-garcia","tag-manolo-garcia-concierto-argentina-latinoamerica"],"_links":{"self":[{"href":"https:\/\/www.manologarciaycia.com\/index.php?rest_route=\/wp\/v2\/posts\/690","targetHints":{"allow":["GET"]}}],"collection":[{"href":"https:\/\/www.manologarciaycia.com\/index.php?rest_route=\/wp\/v2\/posts"}],"about":[{"href":"https:\/\/www.manologarciaycia.com\/index.php?rest_route=\/wp\/v2\/types\/post"}],"author":[{"embeddable":true,"href":"https:\/\/www.manologarciaycia.com\/index.php?rest_route=\/wp\/v2\/users\/2"}],"replies":[{"embeddable":true,"href":"https:\/\/www.manologarciaycia.com\/index.php?rest_route=%2Fwp%2Fv2%2Fcomments&post=690"}],"version-history":[{"count":2,"href":"https:\/\/www.manologarciaycia.com\/index.php?rest_route=\/wp\/v2\/posts\/690\/revisions"}],"predecessor-version":[{"id":692,"href":"https:\/\/www.manologarciaycia.com\/index.php?rest_route=\/wp\/v2\/posts\/690\/revisions\/692"}],"wp:attachment":[{"href":"https:\/\/www.manologarciaycia.com\/index.php?rest_route=%2Fwp%2Fv2%2Fmedia&parent=690"}],"wp:term":[{"taxonomy":"category","embeddable":true,"href":"https:\/\/www.manologarciaycia.com\/index.php?rest_route=%2Fwp%2Fv2%2Fcategories&post=690"},{"taxonomy":"post_tag","embeddable":true,"href":"https:\/\/www.manologarciaycia.com\/index.php?rest_route=%2Fwp%2Fv2%2Ftags&post=690"}],"curies":[{"name":"wp","href":"https:\/\/api.w.org\/{rel}","templated":true}]}}