{"id":6877,"date":"2013-06-11T11:09:26","date_gmt":"2013-06-11T09:09:26","guid":{"rendered":"http:\/\/www.manologarciaycia.com\/?p=6877"},"modified":"2013-06-11T11:09:26","modified_gmt":"2013-06-11T09:09:26","slug":"mg-manolo-garcia-entre-otros-acompanara-a-alejandro-sanz-en-su-concierto-de-sevilla","status":"publish","type":"post","link":"https:\/\/www.manologarciaycia.com\/?p=6877","title":{"rendered":"MG: Manolo Garc\u00eda, entre otros, acompa\u00f1ar\u00e1 a Alejandro Sanz en su concierto de Sevilla"},"content":{"rendered":"<p><img loading=\"lazy\" decoding=\"async\" class=\"alignleft\" alt=\"\" src=\"http:\/\/img.europapress.net\/fotoweb\/fotonoticia_20130610171236_800.jpg\" width=\"400\" height=\"300\" \/> El pr\u00f3ximo 19 de junio Alejandro Sanz llegue a Sevilla con su gira &#8216;La m\u00fasica no se toca&#8217;. Tras recorrer con gran \u00e9xito los escenarios de Barcelona, Bilbao, Valencia o Zaragoza, entre otros, el artista llegar\u00e1 al Estadio Ol\u00edmpico de La Cartuja en una noche muy especial, en la que el cantante ha querido rodearse de grandes artistas para disfrutar junto a su p\u00fablico sevillano de un concierto para el recuerdo.<\/p>\n<p>Mal\u00fa, Pablo Albor\u00e1n, Jamie Cullum, David Bisbal y Manolo Garc\u00eda ya han confirmado que compartir\u00e1n escenario con Alejandro Sanz. Una ocasi\u00f3n \u00fanica de vivir un concierto irrepetible, de disfrutar de la gira m\u00e1s vanguardista, de la mejor calidad de sonido y de una impactante puesta en escena, todo ello en compa\u00f1\u00eda de un elenco de artistas de lujo, se indica en nota de prensa.<\/p>\n<p>Adem\u00e1s, el concierto se grabar\u00e1 para editar un DVD y un especial de televisi\u00f3n. La realizaci\u00f3n correr\u00e1 a cargo del estadounidense Nick Wickham, reconocido mundialmente por dirigir los especiales en vivo de Beyonc\u00e9, Red Hot Chili Peppers, Madonna, Rihanna, Kings of Leon, Shakira o Black Eyed Peas, entre otros artistas. Ser\u00e1 sin duda un concierto para la historia.<\/p>\n<p>&nbsp;<\/p>\n<p>Fuente: Europa Press &#8211; <a href=\"http:\/\/www.europapress.es\/andalucia\/sevilla-00357\/noticia-malu-pablo-alboran-jamie-cullum-david-bisbal-manolo-garcia-acompanaran-dia-19-alejandro-sanz-20130610171236.html\" target=\"_blank\">ENLACE<\/a><\/p>\n","protected":false},"excerpt":{"rendered":"<p>El pr\u00f3ximo 19 de junio Alejandro Sanz llegue a Sevilla con su gira &#8216;La m\u00fasica no se toca&#8217;. Tras recorrer con gran \u00e9xito los escenarios de Barcelona, Bilbao, Valencia o Zaragoza, entre otros, el artista llegar\u00e1 al Estadio Ol\u00edmpico de La Cartuja en una noche muy especial, en la que el cantante ha querido rodearse<a class=\"moretag\" href=\"https:\/\/www.manologarciaycia.com\/?p=6877\" title=\"MG: Manolo Garc\u00eda, entre otros, acompa\u00f1ar\u00e1 a Alejandro Sanz en su concierto de Sevilla\" target=\"_self\" rel=\"follow\"> <font face=arial size=2>[Leer m\u00e1s]<\/font> <\/a><\/p>\n","protected":false},"author":2,"featured_media":0,"comment_status":"closed","ping_status":"closed","sticky":false,"template":"","format":"standard","meta":{"footnotes":""},"categories":[1,23],"tags":[],"class_list":["post-6877","post","type-post","status-publish","format-standard","hentry","category-manolo-garcia","category-otros"],"_links":{"self":[{"href":"https:\/\/www.manologarciaycia.com\/index.php?rest_route=\/wp\/v2\/posts\/6877","targetHints":{"allow":["GET"]}}],"collection":[{"href":"https:\/\/www.manologarciaycia.com\/index.php?rest_route=\/wp\/v2\/posts"}],"about":[{"href":"https:\/\/www.manologarciaycia.com\/index.php?rest_route=\/wp\/v2\/types\/post"}],"author":[{"embeddable":true,"href":"https:\/\/www.manologarciaycia.com\/index.php?rest_route=\/wp\/v2\/users\/2"}],"replies":[{"embeddable":true,"href":"https:\/\/www.manologarciaycia.com\/index.php?rest_route=%2Fwp%2Fv2%2Fcomments&post=6877"}],"version-history":[{"count":2,"href":"https:\/\/www.manologarciaycia.com\/index.php?rest_route=\/wp\/v2\/posts\/6877\/revisions"}],"predecessor-version":[{"id":6879,"href":"https:\/\/www.manologarciaycia.com\/index.php?rest_route=\/wp\/v2\/posts\/6877\/revisions\/6879"}],"wp:attachment":[{"href":"https:\/\/www.manologarciaycia.com\/index.php?rest_route=%2Fwp%2Fv2%2Fmedia&parent=6877"}],"wp:term":[{"taxonomy":"category","embeddable":true,"href":"https:\/\/www.manologarciaycia.com\/index.php?rest_route=%2Fwp%2Fv2%2Fcategories&post=6877"},{"taxonomy":"post_tag","embeddable":true,"href":"https:\/\/www.manologarciaycia.com\/index.php?rest_route=%2Fwp%2Fv2%2Ftags&post=6877"}],"curies":[{"name":"wp","href":"https:\/\/api.w.org\/{rel}","templated":true}]}}