{"id":6856,"date":"2013-06-07T19:24:08","date_gmt":"2013-06-07T17:24:08","guid":{"rendered":"http:\/\/www.manologarciaycia.com\/?p=6856"},"modified":"2013-06-08T10:52:02","modified_gmt":"2013-06-08T08:52:02","slug":"mg-manolo-garcia-en-el-concierto-sevilla-de-alejandro-sanz","status":"publish","type":"post","link":"https:\/\/www.manologarciaycia.com\/?p=6856","title":{"rendered":"MG: Manolo Garc\u00eda en el concierto Sevilla de Alejandro Sanz"},"content":{"rendered":"<p style=\"text-align: center;\"><img loading=\"lazy\" decoding=\"async\" class=\"aligncenter  wp-image-6864\" alt=\"AS_MG_Sevilla\" src=\"http:\/\/www.manologarciaycia.com\/wp-content\/uploads\/2013\/06\/AS_MG_Sevilla-1024x715.jpg\" width=\"715\" height=\"499\" srcset=\"https:\/\/www.manologarciaycia.com\/wp-content\/uploads\/2013\/06\/AS_MG_Sevilla-1024x715.jpg 1024w, https:\/\/www.manologarciaycia.com\/wp-content\/uploads\/2013\/06\/AS_MG_Sevilla-300x209.jpg 300w, https:\/\/www.manologarciaycia.com\/wp-content\/uploads\/2013\/06\/AS_MG_Sevilla.jpg 1100w\" sizes=\"auto, (max-width: 715px) 100vw, 715px\" \/><\/p>\n<p>Y seg\u00fan el twitter de Alejandro Sanz: \u00abQuiero compartir con vosotros una super noticia: en el Estadio Olimpico de Sevilla me acompa\u00f1ar\u00e1n en el escenario los artistazos @_MaluOficial_ @jamiecullum @pabloalboran @davidbisbal y Manolo Garc\u00eda. Va a ser un concierto hist\u00f3rico. Adem\u00e1s lo grabaremos para un especial de televisi\u00f3n. All\u00ed os espero :)\u00bb<\/p>\n<p>Fuente:<a href=\"http:\/\/www.twitlonger.com\/show\/m0b1vl\" target=\"_blank\"> http:\/\/www.twitlonger.com\/show\/m0b1vl<\/a><\/p>\n","protected":false},"excerpt":{"rendered":"<p>Y seg\u00fan el twitter de Alejandro Sanz: \u00abQuiero compartir con vosotros una super noticia: en el Estadio Olimpico de Sevilla me acompa\u00f1ar\u00e1n en el escenario los artistazos @_MaluOficial_ @jamiecullum @pabloalboran @davidbisbal y Manolo Garc\u00eda. Va a ser un concierto hist\u00f3rico. Adem\u00e1s lo grabaremos para un especial de televisi\u00f3n. All\u00ed os espero :)\u00bb Fuente: http:\/\/www.twitlonger.com\/show\/m0b1vl<a class=\"moretag\" href=\"https:\/\/www.manologarciaycia.com\/?p=6856\" title=\"MG: Manolo Garc\u00eda en el concierto Sevilla de Alejandro Sanz\" target=\"_self\" rel=\"follow\"> <font face=arial size=2>[Leer m\u00e1s]<\/font> <\/a><\/p>\n","protected":false},"author":2,"featured_media":0,"comment_status":"closed","ping_status":"closed","sticky":false,"template":"","format":"standard","meta":{"footnotes":""},"categories":[1,23],"tags":[],"class_list":["post-6856","post","type-post","status-publish","format-standard","hentry","category-manolo-garcia","category-otros"],"_links":{"self":[{"href":"https:\/\/www.manologarciaycia.com\/index.php?rest_route=\/wp\/v2\/posts\/6856","targetHints":{"allow":["GET"]}}],"collection":[{"href":"https:\/\/www.manologarciaycia.com\/index.php?rest_route=\/wp\/v2\/posts"}],"about":[{"href":"https:\/\/www.manologarciaycia.com\/index.php?rest_route=\/wp\/v2\/types\/post"}],"author":[{"embeddable":true,"href":"https:\/\/www.manologarciaycia.com\/index.php?rest_route=\/wp\/v2\/users\/2"}],"replies":[{"embeddable":true,"href":"https:\/\/www.manologarciaycia.com\/index.php?rest_route=%2Fwp%2Fv2%2Fcomments&post=6856"}],"version-history":[{"count":2,"href":"https:\/\/www.manologarciaycia.com\/index.php?rest_route=\/wp\/v2\/posts\/6856\/revisions"}],"predecessor-version":[{"id":6865,"href":"https:\/\/www.manologarciaycia.com\/index.php?rest_route=\/wp\/v2\/posts\/6856\/revisions\/6865"}],"wp:attachment":[{"href":"https:\/\/www.manologarciaycia.com\/index.php?rest_route=%2Fwp%2Fv2%2Fmedia&parent=6856"}],"wp:term":[{"taxonomy":"category","embeddable":true,"href":"https:\/\/www.manologarciaycia.com\/index.php?rest_route=%2Fwp%2Fv2%2Fcategories&post=6856"},{"taxonomy":"post_tag","embeddable":true,"href":"https:\/\/www.manologarciaycia.com\/index.php?rest_route=%2Fwp%2Fv2%2Ftags&post=6856"}],"curies":[{"name":"wp","href":"https:\/\/api.w.org\/{rel}","templated":true}]}}