{"id":681,"date":"2010-08-18T12:28:52","date_gmt":"2010-08-18T11:28:52","guid":{"rendered":"http:\/\/petaos.net\/?p=681"},"modified":"2010-08-18T12:28:52","modified_gmt":"2010-08-18T11:28:52","slug":"pedro-javier-gonzalez-hoy-en-st-feliu-de-guixols","status":"publish","type":"post","link":"https:\/\/www.manologarciaycia.com\/?p=681","title":{"rendered":"Pedro Javier Gonzalez, hoy en St Feliu de Guixols"},"content":{"rendered":"<p><img loading=\"lazy\" decoding=\"async\" class=\"alignleft\" src=\"http:\/\/www.guixols.cat\/portaferrada-2010\/images\/stories\/content\/197\/transversal.jpg\" alt=\"\" width=\"287\" height=\"179\" \/>Hoy 18\/8\/10 a las 21:00 en el Teatro Auditorio Transversal &#8211; Entrada: 12\u20ac.<\/p>\n<div>\n<div><strong>Pedro Javier Gonz\u00e1lez<\/strong> desde Barcelona, \u00a0vertebrando este proyecto con su guitarra de aires flamencos y mediterr\u00e1neos.<br \/>\n<strong><br \/>\nRa\u00fal Rodr\u00edguez<\/strong> con el tres cubano el\u00e9ctrico , desde Sevilla con un discurso exquisito   que hace de puente entre el flamenco y los sonidos latinos.<\/p>\n<p><strong>Trilok Gurtu <\/strong>desde la India y Europa, percusionista que re\u00fane sabidur\u00eda musical, jazz\u00edstica y \u00e9tnica. Un proyecto transversal en estilos: flamenco, jazz y world music.<\/p>\n<p><strong>Pedro Javier Gonz\u00e1lez<\/strong> &#8211; Guitarra flamenca &amp; producci\u00f3n art\u00edstica<br \/>\n<strong>Ra\u00fal Rodriguez\u00a0 &#8211; <\/strong>\u00abTres\u00bb cubano el\u00e9ctrico<strong> <\/strong><\/div>\n<div><strong>Trilok Gurtu<\/strong> &#8211; Percusiones<\/div>\n<\/div>\n<div><\/div>\n<div>Fuente: <a href=\"http:\/\/www.guixols.cat\/portaferrada-2010\/index.php?option=com_content&amp;view=article&amp;id=143&amp;Itemid=35&amp;lang=es&amp;prItem=197\" target=\"_blank\">Guixols.cat<\/a><\/div>\n","protected":false},"excerpt":{"rendered":"<p>Hoy 18\/8\/10 a las 21:00 en el Teatro Auditorio Transversal &#8211; Entrada: 12\u20ac. Pedro Javier Gonz\u00e1lez desde Barcelona, \u00a0vertebrando este proyecto con su guitarra de aires flamencos y mediterr\u00e1neos. Ra\u00fal Rodr\u00edguez con el tres cubano el\u00e9ctrico , desde Sevilla con un discurso exquisito que hace de puente entre el flamenco y los sonidos latinos. Trilok<a class=\"moretag\" href=\"https:\/\/www.manologarciaycia.com\/?p=681\" title=\"Pedro Javier Gonzalez, hoy en St Feliu de Guixols\" target=\"_self\" rel=\"follow\"> <font face=arial size=2>[Leer m\u00e1s]<\/font> <\/a><\/p>\n","protected":false},"author":2,"featured_media":0,"comment_status":"closed","ping_status":"closed","sticky":false,"template":"","format":"standard","meta":{"footnotes":""},"categories":[23],"tags":[117],"class_list":["post-681","post","type-post","status-publish","format-standard","hentry","category-otros","tag-pedro-javier-gonzalez-concierto-porta-ferrada-feliu-gixols"],"_links":{"self":[{"href":"https:\/\/www.manologarciaycia.com\/index.php?rest_route=\/wp\/v2\/posts\/681","targetHints":{"allow":["GET"]}}],"collection":[{"href":"https:\/\/www.manologarciaycia.com\/index.php?rest_route=\/wp\/v2\/posts"}],"about":[{"href":"https:\/\/www.manologarciaycia.com\/index.php?rest_route=\/wp\/v2\/types\/post"}],"author":[{"embeddable":true,"href":"https:\/\/www.manologarciaycia.com\/index.php?rest_route=\/wp\/v2\/users\/2"}],"replies":[{"embeddable":true,"href":"https:\/\/www.manologarciaycia.com\/index.php?rest_route=%2Fwp%2Fv2%2Fcomments&post=681"}],"version-history":[{"count":1,"href":"https:\/\/www.manologarciaycia.com\/index.php?rest_route=\/wp\/v2\/posts\/681\/revisions"}],"predecessor-version":[{"id":682,"href":"https:\/\/www.manologarciaycia.com\/index.php?rest_route=\/wp\/v2\/posts\/681\/revisions\/682"}],"wp:attachment":[{"href":"https:\/\/www.manologarciaycia.com\/index.php?rest_route=%2Fwp%2Fv2%2Fmedia&parent=681"}],"wp:term":[{"taxonomy":"category","embeddable":true,"href":"https:\/\/www.manologarciaycia.com\/index.php?rest_route=%2Fwp%2Fv2%2Fcategories&post=681"},{"taxonomy":"post_tag","embeddable":true,"href":"https:\/\/www.manologarciaycia.com\/index.php?rest_route=%2Fwp%2Fv2%2Ftags&post=681"}],"curies":[{"name":"wp","href":"https:\/\/api.w.org\/{rel}","templated":true}]}}