{"id":6802,"date":"2013-05-30T16:03:33","date_gmt":"2013-05-30T14:03:33","guid":{"rendered":"http:\/\/www.manologarciaycia.com\/?p=6802"},"modified":"2013-05-31T20:39:44","modified_gmt":"2013-05-31T18:39:44","slug":"mg-segun-alejandro-sanz","status":"publish","type":"post","link":"https:\/\/www.manologarciaycia.com\/?p=6802","title":{"rendered":"MG: concierto de ayer de Alejandro Sanz en BCN, con Manolo"},"content":{"rendered":"<p>Ayer noche Manolo Garc\u00eda sali\u00f3 a cantar NO COMPARES con Alejandro Sanz en su concierto de BCN. <\/p>\n<p>V\u00eddeo de Rosa C\u00e1ceres:<br \/>\n<center><iframe loading=\"lazy\" width=\"560\" height=\"315\" src=\"http:\/\/www.youtube.com\/embed\/tj4hTLR8RM0?rel=0\" frameborder=\"0\" allowfullscreen><\/iframe><\/center><\/p>\n<p>V\u00eddeo de lafanuxi, encontrado por Juany (gracias!):<br \/>\n<center><iframe loading=\"lazy\" width=\"560\" height=\"315\" src=\"http:\/\/www.youtube.com\/embed\/JP2tYye_sIY\" frameborder=\"0\" allowfullscreen><\/iframe><\/center><\/p>\n<p>Foto de El Coraje Club de Fans de Alejandro Sanz en Colombia (gracias!):<br \/>\n<img loading=\"lazy\" decoding=\"async\" class=\"aligncenter size-full wp-image-6809\" alt=\"5404_10151392221071876_1279203637_n\" src=\"http:\/\/www.manologarciaycia.com\/wp-content\/uploads\/2013\/05\/5404_10151392221071876_1279203637_n.jpg\" width=\"692\" height=\"497\" srcset=\"https:\/\/www.manologarciaycia.com\/wp-content\/uploads\/2013\/05\/5404_10151392221071876_1279203637_n.jpg 692w, https:\/\/www.manologarciaycia.com\/wp-content\/uploads\/2013\/05\/5404_10151392221071876_1279203637_n-300x215.jpg 300w\" sizes=\"auto, (max-width: 692px) 100vw, 692px\" \/><\/p>\n<p style=\"text-align: center;\">Y esta foto es de Rosa Caceres (gracias!) a la salida:<br \/>\n<img loading=\"lazy\" decoding=\"async\" class=\"aligncenter  wp-image-6808\" alt=\"734317_10201255597934354_1150508196_n\" src=\"http:\/\/www.manologarciaycia.com\/wp-content\/uploads\/2013\/05\/734317_10201255597934354_1150508196_n.jpg\" width=\"576\" height=\"432\" srcset=\"https:\/\/www.manologarciaycia.com\/wp-content\/uploads\/2013\/05\/734317_10201255597934354_1150508196_n.jpg 960w, https:\/\/www.manologarciaycia.com\/wp-content\/uploads\/2013\/05\/734317_10201255597934354_1150508196_n-300x225.jpg 300w\" sizes=\"auto, (max-width: 576px) 100vw, 576px\" \/><\/p>\n<p>Noticia de ayer: Atentos si v\u00e1is al concierto hoy de Alejandro Sanz:\u00a0\u00abEsta noche nos acompa\u00f1ar\u00e0 en el escenario el gran Manolo Garc\u00eda ;)\u00bb En el Palau Sant Jordi.<\/p>\n<p>En los ensayos (fuente RLM):<br \/>\n<img loading=\"lazy\" decoding=\"async\" class=\"aligncenter size-full wp-image-6804\" alt=\"MG_As\" src=\"http:\/\/www.manologarciaycia.com\/wp-content\/uploads\/2013\/05\/MG_As.jpg\" width=\"640\" height=\"480\" srcset=\"https:\/\/www.manologarciaycia.com\/wp-content\/uploads\/2013\/05\/MG_As.jpg 640w, https:\/\/www.manologarciaycia.com\/wp-content\/uploads\/2013\/05\/MG_As-300x225.jpg 300w\" sizes=\"auto, (max-width: 640px) 100vw, 640px\" \/><\/p>\n<p>Fuente: Twitter oficial Alejandro Sanz <a href=\"https:\/\/twitter.com\/AlejandroSanz\/status\/340093649125773315\" target=\"_new\">ENLACE<\/a><\/p>\n","protected":false},"excerpt":{"rendered":"<p>Ayer noche Manolo Garc\u00eda sali\u00f3 a cantar NO COMPARES con Alejandro Sanz en su concierto de BCN. V\u00eddeo de Rosa C\u00e1ceres: V\u00eddeo de lafanuxi, encontrado por Juany (gracias!): Foto de El Coraje Club de Fans de Alejandro Sanz en Colombia (gracias!): Y esta foto es de Rosa Caceres (gracias!) a la salida: Noticia de ayer:<a class=\"moretag\" href=\"https:\/\/www.manologarciaycia.com\/?p=6802\" title=\"MG: concierto de ayer de Alejandro Sanz en BCN, con Manolo\" target=\"_self\" rel=\"follow\"> <font face=arial size=2>[Leer m\u00e1s]<\/font> <\/a><\/p>\n","protected":false},"author":2,"featured_media":0,"comment_status":"closed","ping_status":"closed","sticky":false,"template":"","format":"standard","meta":{"footnotes":""},"categories":[1,23],"tags":[],"class_list":["post-6802","post","type-post","status-publish","format-standard","hentry","category-manolo-garcia","category-otros"],"_links":{"self":[{"href":"https:\/\/www.manologarciaycia.com\/index.php?rest_route=\/wp\/v2\/posts\/6802","targetHints":{"allow":["GET"]}}],"collection":[{"href":"https:\/\/www.manologarciaycia.com\/index.php?rest_route=\/wp\/v2\/posts"}],"about":[{"href":"https:\/\/www.manologarciaycia.com\/index.php?rest_route=\/wp\/v2\/types\/post"}],"author":[{"embeddable":true,"href":"https:\/\/www.manologarciaycia.com\/index.php?rest_route=\/wp\/v2\/users\/2"}],"replies":[{"embeddable":true,"href":"https:\/\/www.manologarciaycia.com\/index.php?rest_route=%2Fwp%2Fv2%2Fcomments&post=6802"}],"version-history":[{"count":8,"href":"https:\/\/www.manologarciaycia.com\/index.php?rest_route=\/wp\/v2\/posts\/6802\/revisions"}],"predecessor-version":[{"id":6815,"href":"https:\/\/www.manologarciaycia.com\/index.php?rest_route=\/wp\/v2\/posts\/6802\/revisions\/6815"}],"wp:attachment":[{"href":"https:\/\/www.manologarciaycia.com\/index.php?rest_route=%2Fwp%2Fv2%2Fmedia&parent=6802"}],"wp:term":[{"taxonomy":"category","embeddable":true,"href":"https:\/\/www.manologarciaycia.com\/index.php?rest_route=%2Fwp%2Fv2%2Fcategories&post=6802"},{"taxonomy":"post_tag","embeddable":true,"href":"https:\/\/www.manologarciaycia.com\/index.php?rest_route=%2Fwp%2Fv2%2Ftags&post=6802"}],"curies":[{"name":"wp","href":"https:\/\/api.w.org\/{rel}","templated":true}]}}