{"id":678,"date":"2010-08-18T06:38:32","date_gmt":"2010-08-18T05:38:32","guid":{"rendered":"http:\/\/petaos.net\/?p=678"},"modified":"2010-08-18T06:38:32","modified_gmt":"2010-08-18T05:38:32","slug":"mg-nota-de-manolo-garcia","status":"publish","type":"post","link":"https:\/\/www.manologarciaycia.com\/?p=678","title":{"rendered":"MG: Nota de Manolo Garc\u00eda"},"content":{"rendered":"<p>Todos tenemos nuestras aversiones, alergias, man\u00edas, tics y dem\u00e1s defectos de fabricaci\u00f3n. Uno de los m\u00edos es mi at\u00e1vica reticencia a autorizar recopilatorios de mi m\u00fasica. S\u00e9 bien que hay muchas personas que los agradecen, por aquello de poder conseguir en un solo chirimbolo las canciones m\u00e1s, pongamos, logradas o como forma de acercamiento a la obra de un m\u00fasico, por ejemplo. Pero desde el lado del homenajeado siempre me ha dado mucho pudor la posibilidad de caer en algo como \u201cvender dos veces la misma moto\u201d.<\/p>\n<p>Es por esta inquietud, que ni el mejor master en Marqueting conseguir\u00eda quitarme, que necesito aclarar &#8211; a pesar de que ya est\u00e9 claro- que este disco recopilatorio se ha hecho s\u00f3lo por y para los pa\u00edses latinoamericanos, porque all\u00ed no se han publicado algunos de mis \u00e1lbums y se hac\u00eda necesaria esta \u201cpuesta al d\u00eda\u201d.\u00a0<\/p>\n<p>Con Internet es mucho m\u00e1s dif\u00edcil establecer unas fronteras claras; d\u00f3nde se encuentra y d\u00f3nde no, por ello no quiero que nadie compre ciegamente y se sienta despu\u00e9s defraudado y enga\u00f1ado. Este disco es completamente recopilatorio, sin material in\u00e9dito alguno y no tiene lugar propio en mi discograf\u00eda en Espa\u00f1a. Mi \u00faltimo disco publicado ha sido \u201cSaldremos a la lluvia\u201d y actualmente estoy trabajando en el pr\u00f3ximo, que ser\u00e1 de nuevo completamente in\u00e9dito.<\/p>\n<p>Si las musas no me niegan su presencia, hasta pronto.<\/p>\n<p>Manolo Garc\u00eda<\/p>\n<p>Fuente: Pagina Oficial de Manolo Garc\u00eda de Sony BMG (<a href=\"http:\/\/www.manolo-garcia.com\">http:\/\/www.manolo-garcia.com<\/a>)<\/p>\n","protected":false},"excerpt":{"rendered":"<p>Todos tenemos nuestras aversiones, alergias, man\u00edas, tics y dem\u00e1s defectos de fabricaci\u00f3n. Uno de los m\u00edos es mi at\u00e1vica reticencia a autorizar recopilatorios de mi m\u00fasica. S\u00e9 bien que hay muchas personas que los agradecen, por aquello de poder conseguir en un solo chirimbolo las canciones m\u00e1s, pongamos, logradas o como forma de acercamiento a<a class=\"moretag\" href=\"https:\/\/www.manologarciaycia.com\/?p=678\" title=\"MG: Nota de Manolo Garc\u00eda\" target=\"_self\" rel=\"follow\"> <font face=arial size=2>[Leer m\u00e1s]<\/font> <\/a><\/p>\n","protected":false},"author":2,"featured_media":0,"comment_status":"closed","ping_status":"closed","sticky":false,"template":"","format":"standard","meta":{"footnotes":""},"categories":[1],"tags":[116],"class_list":["post-678","post","type-post","status-publish","format-standard","hentry","category-manolo-garcia","tag-manolo-garcia-nota-oficial-recopilatorio-marketing"],"_links":{"self":[{"href":"https:\/\/www.manologarciaycia.com\/index.php?rest_route=\/wp\/v2\/posts\/678","targetHints":{"allow":["GET"]}}],"collection":[{"href":"https:\/\/www.manologarciaycia.com\/index.php?rest_route=\/wp\/v2\/posts"}],"about":[{"href":"https:\/\/www.manologarciaycia.com\/index.php?rest_route=\/wp\/v2\/types\/post"}],"author":[{"embeddable":true,"href":"https:\/\/www.manologarciaycia.com\/index.php?rest_route=\/wp\/v2\/users\/2"}],"replies":[{"embeddable":true,"href":"https:\/\/www.manologarciaycia.com\/index.php?rest_route=%2Fwp%2Fv2%2Fcomments&post=678"}],"version-history":[{"count":2,"href":"https:\/\/www.manologarciaycia.com\/index.php?rest_route=\/wp\/v2\/posts\/678\/revisions"}],"predecessor-version":[{"id":680,"href":"https:\/\/www.manologarciaycia.com\/index.php?rest_route=\/wp\/v2\/posts\/678\/revisions\/680"}],"wp:attachment":[{"href":"https:\/\/www.manologarciaycia.com\/index.php?rest_route=%2Fwp%2Fv2%2Fmedia&parent=678"}],"wp:term":[{"taxonomy":"category","embeddable":true,"href":"https:\/\/www.manologarciaycia.com\/index.php?rest_route=%2Fwp%2Fv2%2Fcategories&post=678"},{"taxonomy":"post_tag","embeddable":true,"href":"https:\/\/www.manologarciaycia.com\/index.php?rest_route=%2Fwp%2Fv2%2Ftags&post=678"}],"curies":[{"name":"wp","href":"https:\/\/api.w.org\/{rel}","templated":true}]}}