{"id":6760,"date":"2013-05-28T07:38:08","date_gmt":"2013-05-28T05:38:08","guid":{"rendered":"http:\/\/www.manologarciaycia.com\/?p=6760"},"modified":"2013-05-28T13:44:26","modified_gmt":"2013-05-28T11:44:26","slug":"mg-noticias-y-mas-fotos-sobre-la-gala-premios-no1-cadena-100","status":"publish","type":"post","link":"https:\/\/www.manologarciaycia.com\/?p=6760","title":{"rendered":"MG: Noticias y mas fotos sobre la gala Premios No1 Cadena 100"},"content":{"rendered":"<p>En Europapress: ALEJANDRO SANZ, SANTIAGO SEGURA Y MELENDI LOS N\u00daMEROS 1 DE CADENA 100 &#8211; <a href=\"http:\/\/www.europapress.es\/chance\/cineymusica\/noticia-cadena-100-elige-numero-musica-television-20130528103120.html\" target=\"_new\">ENLACE<\/a> &#8211; <a href=\"http:\/\/www.europapress.es\/chance\/galeria-noticia-cadena-100-elige-numero-musica-television-20130528103120-55452.html\" target=\"_new\">GALERIA DE FOTOS<\/a><br \/>\n<center><img loading=\"lazy\" decoding=\"async\" class=\"aligncenter  wp-image-6761\" alt=\"fotogaleriafamosos_55452_650\" src=\"http:\/\/www.manologarciaycia.com\/wp-content\/uploads\/2013\/05\/fotogaleriafamosos_55452_650.jpg\" width=\"319\" height=\"480\" srcset=\"https:\/\/www.manologarciaycia.com\/wp-content\/uploads\/2013\/05\/fotogaleriafamosos_55452_650.jpg 532w, https:\/\/www.manologarciaycia.com\/wp-content\/uploads\/2013\/05\/fotogaleriafamosos_55452_650-199x300.jpg 199w\" sizes=\"auto, (max-width: 319px) 100vw, 319px\" \/><\/center><\/p>\n<p>En Lecturas: Recibi\u00f3 un galard\u00f3n de la Cadena 100 junto a Melendi y Manolo Garc\u00eda, entre otros. Melendi y Alejandro Sanz, \u00bfpasado y futuro de &#8216;La Voz&#8217; juntos?<a href='http:\/\/www.lecturas.com\/articulo\/ultima_hora\/1557\/melendi_alejandro_sanz_pasado_futuro_voz.html#' target=_new>ENLACE<\/a><br \/>\n<center><img loading=\"lazy\" decoding=\"async\" class=\"aligncenter  wp-image-6762\" alt=\"lbs0119_682x1024\" src=\"http:\/\/www.manologarciaycia.com\/wp-content\/uploads\/2013\/05\/lbs0119_682x1024.jpg\" width=\"245\" height=\"368\" srcset=\"https:\/\/www.manologarciaycia.com\/wp-content\/uploads\/2013\/05\/lbs0119_682x1024.jpg 682w, https:\/\/www.manologarciaycia.com\/wp-content\/uploads\/2013\/05\/lbs0119_682x1024-199x300.jpg 199w\" sizes=\"auto, (max-width: 245px) 100vw, 245px\" \/><\/center>Alb\u00fam de fotos de Cadena 100 en Facebook (gracias Juany por el aviso!)<a href=\"https:\/\/www.facebook.com\/media\/set\/?set=a.10151940512078916.1073741833.12103683915&amp;type=1\" target=\"_new\">ENLACE<\/a><br \/>\n<center><img loading=\"lazy\" decoding=\"async\" class=\"aligncenter  wp-image-6763\" alt=\"261686_10151940514468916_2063728699_n\" src=\"http:\/\/www.manologarciaycia.com\/wp-content\/uploads\/2013\/05\/261686_10151940514468916_2063728699_n.jpg\" width=\"576\" height=\"378\" srcset=\"https:\/\/www.manologarciaycia.com\/wp-content\/uploads\/2013\/05\/261686_10151940514468916_2063728699_n.jpg 960w, https:\/\/www.manologarciaycia.com\/wp-content\/uploads\/2013\/05\/261686_10151940514468916_2063728699_n-300x196.jpg 300w\" sizes=\"auto, (max-width: 576px) 100vw, 576px\" \/><\/center>para ver las im\u00e1genes en grande.<\/p>\n<p><center><img loading=\"lazy\" decoding=\"async\" class=\"aligncenter size-full wp-image-6761\" alt=\"fotogaleriafamosos_55452_650\" src=\"http:\/\/www.manologarciaycia.com\/wp-content\/uploads\/2013\/05\/fotogaleriafamosos_55452_650.jpg\" width=\"532\" height=\"800\" srcset=\"https:\/\/www.manologarciaycia.com\/wp-content\/uploads\/2013\/05\/fotogaleriafamosos_55452_650.jpg 532w, https:\/\/www.manologarciaycia.com\/wp-content\/uploads\/2013\/05\/fotogaleriafamosos_55452_650-199x300.jpg 199w\" sizes=\"auto, (max-width: 532px) 100vw, 532px\" \/><\/center><center><img loading=\"lazy\" decoding=\"async\" class=\"aligncenter size-full wp-image-6762\" alt=\"lbs0119_682x1024\" src=\"http:\/\/www.manologarciaycia.com\/wp-content\/uploads\/2013\/05\/lbs0119_682x1024.jpg\" width=\"682\" height=\"1024\" srcset=\"https:\/\/www.manologarciaycia.com\/wp-content\/uploads\/2013\/05\/lbs0119_682x1024.jpg 682w, https:\/\/www.manologarciaycia.com\/wp-content\/uploads\/2013\/05\/lbs0119_682x1024-199x300.jpg 199w\" sizes=\"auto, (max-width: 682px) 100vw, 682px\" \/><\/center><center><img loading=\"lazy\" decoding=\"async\" class=\"aligncenter size-full wp-image-6763\" alt=\"261686_10151940514468916_2063728699_n\" src=\"http:\/\/www.manologarciaycia.com\/wp-content\/uploads\/2013\/05\/261686_10151940514468916_2063728699_n.jpg\" width=\"960\" height=\"630\" srcset=\"https:\/\/www.manologarciaycia.com\/wp-content\/uploads\/2013\/05\/261686_10151940514468916_2063728699_n.jpg 960w, https:\/\/www.manologarciaycia.com\/wp-content\/uploads\/2013\/05\/261686_10151940514468916_2063728699_n-300x196.jpg 300w\" sizes=\"auto, (max-width: 960px) 100vw, 960px\" \/><\/center><\/p>\n","protected":false},"excerpt":{"rendered":"<p>En Europapress: ALEJANDRO SANZ, SANTIAGO SEGURA Y MELENDI LOS N\u00daMEROS 1 DE CADENA 100 &#8211; ENLACE &#8211; GALERIA DE FOTOS En Lecturas: Recibi\u00f3 un galard\u00f3n de la Cadena 100 junto a Melendi y Manolo Garc\u00eda, entre otros. Melendi y Alejandro Sanz, \u00bfpasado y futuro de &#8216;La Voz&#8217; juntos?ENLACE Alb\u00fam de fotos de Cadena 100 en<a class=\"moretag\" href=\"https:\/\/www.manologarciaycia.com\/?p=6760\" title=\"MG: Noticias y mas fotos sobre la gala Premios No1 Cadena 100\" target=\"_self\" rel=\"follow\"> <font face=arial size=2>[Leer m\u00e1s]<\/font> <\/a><\/p>\n","protected":false},"author":2,"featured_media":0,"comment_status":"closed","ping_status":"closed","sticky":false,"template":"","format":"standard","meta":{"footnotes":""},"categories":[1],"tags":[],"class_list":["post-6760","post","type-post","status-publish","format-standard","hentry","category-manolo-garcia"],"_links":{"self":[{"href":"https:\/\/www.manologarciaycia.com\/index.php?rest_route=\/wp\/v2\/posts\/6760","targetHints":{"allow":["GET"]}}],"collection":[{"href":"https:\/\/www.manologarciaycia.com\/index.php?rest_route=\/wp\/v2\/posts"}],"about":[{"href":"https:\/\/www.manologarciaycia.com\/index.php?rest_route=\/wp\/v2\/types\/post"}],"author":[{"embeddable":true,"href":"https:\/\/www.manologarciaycia.com\/index.php?rest_route=\/wp\/v2\/users\/2"}],"replies":[{"embeddable":true,"href":"https:\/\/www.manologarciaycia.com\/index.php?rest_route=%2Fwp%2Fv2%2Fcomments&post=6760"}],"version-history":[{"count":6,"href":"https:\/\/www.manologarciaycia.com\/index.php?rest_route=\/wp\/v2\/posts\/6760\/revisions"}],"predecessor-version":[{"id":6769,"href":"https:\/\/www.manologarciaycia.com\/index.php?rest_route=\/wp\/v2\/posts\/6760\/revisions\/6769"}],"wp:attachment":[{"href":"https:\/\/www.manologarciaycia.com\/index.php?rest_route=%2Fwp%2Fv2%2Fmedia&parent=6760"}],"wp:term":[{"taxonomy":"category","embeddable":true,"href":"https:\/\/www.manologarciaycia.com\/index.php?rest_route=%2Fwp%2Fv2%2Fcategories&post=6760"},{"taxonomy":"post_tag","embeddable":true,"href":"https:\/\/www.manologarciaycia.com\/index.php?rest_route=%2Fwp%2Fv2%2Ftags&post=6760"}],"curies":[{"name":"wp","href":"https:\/\/api.w.org\/{rel}","templated":true}]}}