{"id":6745,"date":"2013-05-28T08:25:33","date_gmt":"2013-05-28T06:25:33","guid":{"rendered":"http:\/\/www.manologarciaycia.com\/?p=6745"},"modified":"2013-05-28T08:52:57","modified_gmt":"2013-05-28T06:52:57","slug":"mg-imagenes-en-exclusiva-de-manolo-garcia-en-los-premios-no1-cadena-100","status":"publish","type":"post","link":"https:\/\/www.manologarciaycia.com\/?p=6745","title":{"rendered":"MG: Manolo Garcia ayer en los Premios No1 Cadena 100"},"content":{"rendered":"<p><center>Fotograf\u00edas de Manolo Garc\u00eda recogiendo ayer noche en Barcelona un Premio No1 de Cadena 100.<\/center><br \/>\n<a href='http:\/\/www.manologarciaycia.com\/?p=6745'><img loading=\"lazy\" decoding=\"async\" class=\"aligncenter  wp-image-6750\" alt=\"OLYMPUS DIGITAL CAMERA\" src=\"http:\/\/www.manologarciaycia.com\/wp-content\/uploads\/2013\/05\/MG_C100_5.jpg\" width=\"461\" height=\"614\" srcset=\"https:\/\/www.manologarciaycia.com\/wp-content\/uploads\/2013\/05\/MG_C100_5.jpg 768w, https:\/\/www.manologarciaycia.com\/wp-content\/uploads\/2013\/05\/MG_C100_5-225x300.jpg 225w\" sizes=\"auto, (max-width: 461px) 100vw, 461px\" \/><\/a><br \/>\nGracias mil a Xavi B!<br \/>\n<img loading=\"lazy\" decoding=\"async\" class=\"aligncenter size-full wp-image-6751\" alt=\"OLYMPUS DIGITAL CAMERA\" src=\"http:\/\/www.manologarciaycia.com\/wp-content\/uploads\/2013\/05\/MG_C100_1.jpg\" width=\"768\" height=\"1024\" \/><\/p>\n<p><img loading=\"lazy\" decoding=\"async\" class=\"aligncenter size-full wp-image-6749\" alt=\"OLYMPUS DIGITAL CAMERA\" src=\"http:\/\/www.manologarciaycia.com\/wp-content\/uploads\/2013\/05\/MG_C100_2.jpg\" width=\"768\" height=\"1024\" \/><\/p>\n<p><img loading=\"lazy\" decoding=\"async\" class=\"aligncenter size-full wp-image-6748\" alt=\"OLYMPUS DIGITAL CAMERA\" src=\"http:\/\/www.manologarciaycia.com\/wp-content\/uploads\/2013\/05\/MG_C100_3.jpg\" width=\"768\" height=\"1024\" srcset=\"https:\/\/www.manologarciaycia.com\/wp-content\/uploads\/2013\/05\/MG_C100_3.jpg 768w, https:\/\/www.manologarciaycia.com\/wp-content\/uploads\/2013\/05\/MG_C100_3-225x300.jpg 225w\" sizes=\"auto, (max-width: 768px) 100vw, 768px\" \/><\/p>\n<p><img loading=\"lazy\" decoding=\"async\" class=\"aligncenter size-full wp-image-6747\" alt=\"OLYMPUS DIGITAL CAMERA\" src=\"http:\/\/www.manologarciaycia.com\/wp-content\/uploads\/2013\/05\/MG_C100_4.jpg\" width=\"768\" height=\"1024\" \/><\/p>\n<p><img loading=\"lazy\" decoding=\"async\" class=\"aligncenter size-full wp-image-6750\" alt=\"OLYMPUS DIGITAL CAMERA\" src=\"http:\/\/www.manologarciaycia.com\/wp-content\/uploads\/2013\/05\/MG_C100_5.jpg\" width=\"768\" height=\"1024\" srcset=\"https:\/\/www.manologarciaycia.com\/wp-content\/uploads\/2013\/05\/MG_C100_5.jpg 768w, https:\/\/www.manologarciaycia.com\/wp-content\/uploads\/2013\/05\/MG_C100_5-225x300.jpg 225w\" sizes=\"auto, (max-width: 768px) 100vw, 768px\" \/><\/p>\n<p><img loading=\"lazy\" decoding=\"async\" class=\"aligncenter size-full wp-image-6746\" alt=\"OLYMPUS DIGITAL CAMERA\" src=\"http:\/\/www.manologarciaycia.com\/wp-content\/uploads\/2013\/05\/MG_C100_6.jpg\" width=\"768\" height=\"1024\" \/><\/p>\n<p>El art\u00edfice con el artista:<br \/>\n<img loading=\"lazy\" decoding=\"async\" src=\"http:\/\/www.manologarciaycia.com\/wp-content\/uploads\/2013\/05\/XaviB_MG.jpg\" alt=\"XaviB_MG\" width=\"400\" height=\"289\" class=\"aligncenter size-full wp-image-6757\" srcset=\"https:\/\/www.manologarciaycia.com\/wp-content\/uploads\/2013\/05\/XaviB_MG.jpg 400w, https:\/\/www.manologarciaycia.com\/wp-content\/uploads\/2013\/05\/XaviB_MG-300x216.jpg 300w\" sizes=\"auto, (max-width: 400px) 100vw, 400px\" \/><\/p>\n","protected":false},"excerpt":{"rendered":"<p>Fotograf\u00edas de Manolo Garc\u00eda recogiendo ayer noche en Barcelona un Premio No1 de Cadena 100. Gracias mil a Xavi B! El art\u00edfice con el artista:<a class=\"moretag\" href=\"https:\/\/www.manologarciaycia.com\/?p=6745\" title=\"MG: Manolo Garcia ayer en los Premios No1 Cadena 100\" target=\"_self\" rel=\"follow\"> <font face=arial size=2>[Leer m\u00e1s]<\/font> <\/a><\/p>\n","protected":false},"author":2,"featured_media":0,"comment_status":"closed","ping_status":"closed","sticky":false,"template":"","format":"standard","meta":{"footnotes":""},"categories":[1],"tags":[],"class_list":["post-6745","post","type-post","status-publish","format-standard","hentry","category-manolo-garcia"],"_links":{"self":[{"href":"https:\/\/www.manologarciaycia.com\/index.php?rest_route=\/wp\/v2\/posts\/6745","targetHints":{"allow":["GET"]}}],"collection":[{"href":"https:\/\/www.manologarciaycia.com\/index.php?rest_route=\/wp\/v2\/posts"}],"about":[{"href":"https:\/\/www.manologarciaycia.com\/index.php?rest_route=\/wp\/v2\/types\/post"}],"author":[{"embeddable":true,"href":"https:\/\/www.manologarciaycia.com\/index.php?rest_route=\/wp\/v2\/users\/2"}],"replies":[{"embeddable":true,"href":"https:\/\/www.manologarciaycia.com\/index.php?rest_route=%2Fwp%2Fv2%2Fcomments&post=6745"}],"version-history":[{"count":6,"href":"https:\/\/www.manologarciaycia.com\/index.php?rest_route=\/wp\/v2\/posts\/6745\/revisions"}],"predecessor-version":[{"id":6753,"href":"https:\/\/www.manologarciaycia.com\/index.php?rest_route=\/wp\/v2\/posts\/6745\/revisions\/6753"}],"wp:attachment":[{"href":"https:\/\/www.manologarciaycia.com\/index.php?rest_route=%2Fwp%2Fv2%2Fmedia&parent=6745"}],"wp:term":[{"taxonomy":"category","embeddable":true,"href":"https:\/\/www.manologarciaycia.com\/index.php?rest_route=%2Fwp%2Fv2%2Fcategories&post=6745"},{"taxonomy":"post_tag","embeddable":true,"href":"https:\/\/www.manologarciaycia.com\/index.php?rest_route=%2Fwp%2Fv2%2Ftags&post=6745"}],"curies":[{"name":"wp","href":"https:\/\/api.w.org\/{rel}","templated":true}]}}