{"id":667,"date":"2010-08-11T18:56:15","date_gmt":"2010-08-11T17:56:15","guid":{"rendered":"http:\/\/petaos.net\/?p=667"},"modified":"2010-08-11T19:03:02","modified_gmt":"2010-08-11T18:03:02","slug":"mg-de-mares-y-visiones-canciones-de-una-decada","status":"publish","type":"post","link":"https:\/\/www.manologarciaycia.com\/?p=667","title":{"rendered":"MG: \u00abDe Mares y visiones. Canciones de una d\u00e9cada\u00bb Nuevo Disco\/Libro\/DVD"},"content":{"rendered":"<p>\u00abDe Mares y visiones. Canciones de una d\u00e9cada\u00bb es un exclusivo Libro\/CD\/DVD, s\u00f3lo a la venta \u00a0en su Web, que incluye:<\/p>\n<p><em>-LIBRO con encuadernaci\u00f3n de lujo de 48 p\u00e1ginas, con textos, fotos y dibujos realizados por Manolo Garc\u00eda<\/em><\/p>\n<p><em>-1 CD con 18 canciones, seleccionadas por Manolo Garcia de su obra en solitario, que incluye canciones m\u00edticas como \u00abCarb\u00f3n y ramas secas\u00bb, \u00abP\u00e1jaros de barro\u00bb, \u00abSobre el oscuro abismo\u00bb, \u00abComo quien da un refresco\u00bb, \u00abZapatero\u00bb o \u00abRosa de Alejandr\u00eda\u00bb<\/em><\/p>\n<p><em>-1 DVD con videoclips y actuaciones en directo<\/em><\/p>\n<p>\u00abDe Mares y visiones. Canciones de una d\u00e9cada\u00bb es una aut\u00e9ntica pieza de coleccionista que todo verdadero seguidor de Manolo Garc\u00eda deber\u00eda tener. S\u00f3lo a la venta en su remodelada Web oficial (recien estrenada): <a href=\"http:\/\/www.manolo-garcia.com\" target=\"_blank\">http:\/\/www.manolo-garcia.com<\/a><\/p>\n<p>A la venta el 31 de Agosto en Espa\u00f1a\u00a0&#8211; El 18 Agosto a la venta en Argentina.<\/p>\n<p>Fuente: Web Oficial Manolo Garc\u00eda de Sony BMG<\/p>\n","protected":false},"excerpt":{"rendered":"<p>\u00abDe Mares y visiones. Canciones de una d\u00e9cada\u00bb es un exclusivo Libro\/CD\/DVD, s\u00f3lo a la venta \u00a0en su Web, que incluye: -LIBRO con encuadernaci\u00f3n de lujo de 48 p\u00e1ginas, con textos, fotos y dibujos realizados por Manolo Garc\u00eda -1 CD con 18 canciones, seleccionadas por Manolo Garcia de su obra en solitario, que incluye canciones<a class=\"moretag\" href=\"https:\/\/www.manologarciaycia.com\/?p=667\" title=\"MG: \u00abDe Mares y visiones. Canciones de una d\u00e9cada\u00bb Nuevo Disco\/Libro\/DVD\" target=\"_self\" rel=\"follow\"> <font face=arial size=2>[Leer m\u00e1s]<\/font> <\/a><\/p>\n","protected":false},"author":2,"featured_media":0,"comment_status":"closed","ping_status":"closed","sticky":false,"template":"","format":"standard","meta":{"footnotes":""},"categories":[1],"tags":[114],"class_list":["post-667","post","type-post","status-publish","format-standard","hentry","category-manolo-garcia","tag-manolo-garcia-nuevo-disco"],"_links":{"self":[{"href":"https:\/\/www.manologarciaycia.com\/index.php?rest_route=\/wp\/v2\/posts\/667","targetHints":{"allow":["GET"]}}],"collection":[{"href":"https:\/\/www.manologarciaycia.com\/index.php?rest_route=\/wp\/v2\/posts"}],"about":[{"href":"https:\/\/www.manologarciaycia.com\/index.php?rest_route=\/wp\/v2\/types\/post"}],"author":[{"embeddable":true,"href":"https:\/\/www.manologarciaycia.com\/index.php?rest_route=\/wp\/v2\/users\/2"}],"replies":[{"embeddable":true,"href":"https:\/\/www.manologarciaycia.com\/index.php?rest_route=%2Fwp%2Fv2%2Fcomments&post=667"}],"version-history":[{"count":4,"href":"https:\/\/www.manologarciaycia.com\/index.php?rest_route=\/wp\/v2\/posts\/667\/revisions"}],"predecessor-version":[{"id":670,"href":"https:\/\/www.manologarciaycia.com\/index.php?rest_route=\/wp\/v2\/posts\/667\/revisions\/670"}],"wp:attachment":[{"href":"https:\/\/www.manologarciaycia.com\/index.php?rest_route=%2Fwp%2Fv2%2Fmedia&parent=667"}],"wp:term":[{"taxonomy":"category","embeddable":true,"href":"https:\/\/www.manologarciaycia.com\/index.php?rest_route=%2Fwp%2Fv2%2Fcategories&post=667"},{"taxonomy":"post_tag","embeddable":true,"href":"https:\/\/www.manologarciaycia.com\/index.php?rest_route=%2Fwp%2Fv2%2Ftags&post=667"}],"curies":[{"name":"wp","href":"https:\/\/api.w.org\/{rel}","templated":true}]}}