{"id":6600,"date":"2006-05-01T08:52:38","date_gmt":"2006-05-01T06:52:38","guid":{"rendered":"http:\/\/www.manologarciaycia.com\/?p=6600"},"modified":"2013-07-17T10:40:24","modified_gmt":"2013-07-17T08:40:24","slug":"mg-hemeroteca-manolo-garcia-pintar-la-musica-woman-mayo-2006","status":"publish","type":"post","link":"https:\/\/www.manologarciaycia.com\/?p=6600","title":{"rendered":"MG: Manolo Garc\u00eda, pintar la m\u00fasica (Woman, mayo 2006)"},"content":{"rendered":"<p><img loading=\"lazy\" decoding=\"async\" class=\"alignright size-full wp-image-6601\" alt=\"manolo_woman_mayo_1y2_p\" src=\"http:\/\/www.manologarciaycia.com\/wp-content\/uploads\/2013\/05\/manolo_woman_mayo_1y2_p.jpg\" width=\"300\" height=\"205\" \/>Sigue siendo un chico de barrio. Naci\u00f3 y vive en Poblenou, escenario de la Barcelona multicultural que vendi\u00f3 el F\u00f3rum. \u00abSe han cargado toda la arquitectura industrial de principios de siglo, no han respetado nada\u00bb, denuncia Garc\u00eda. En su discurso siempre aflora un punto de cabreo que \u00e9l se toma como una obligaci\u00f3n: \u00abSoy un esc\u00e9ptico participativo. No me creo nada de lo que me cuentan, por eso intento protestar.\u00bb<\/p>\n<p>Su mirada est\u00e1 m\u00e1s cansada, pero mantiene la chispa de hace veinte a\u00f1os, cuando formaba parte de El \u00dalti mo de la Fila. Luego lleg\u00f3 su etapa en solitario, a la vez que su energ\u00eda flu\u00eda hacia el arte a trav\u00e9s de los pinceles.<\/p>\n<p><b>\u00bfQu\u00e9 fue antes, cantar o pintar?<\/b><br \/>\nDibujar. En el colegio, en vez de jugar al f\u00fatbol en el patio, me quedaba haciendo dibujitos. Para m\u00ed era instintivo, una necesidad. Convenc\u00ed a mi madre para que me comprara un curso por correspondencia; ella y un profesor me animaron a seguir. Paralelamente, participaba en un coro, y a los trece a\u00f1os me di cuenta de que la m\u00fasica me gustaba de verdad.<\/p>\n<p><b>\u00bfVendes tus cuadros? <\/b><br \/>\nNunca, no tengo ning\u00fan inter\u00e9s profesional, soy completamente amateur. Hace unos a\u00f1os vend\u00ed algunos, pero no lo he vuelto a hacer. Prefiero regalarlos, a una ONG, a un amigo como muestra de afecto&#8230; Pero yo no puedo decir que sea un pintor, soy un aprendiz, una persona que pasa horas delante de una tela para abstraerse del mundo que le rodea.<\/p>\n<p style=\"text-align: center;\"><img loading=\"lazy\" decoding=\"async\" class=\"wp-image-6602 alignleft\" alt=\"manolo_woman_mayo_3\" src=\"http:\/\/www.manologarciaycia.com\/wp-content\/uploads\/2013\/05\/manolo_woman_mayo_3.jpg\" width=\"447\" height=\"614\" srcset=\"https:\/\/www.manologarciaycia.com\/wp-content\/uploads\/2013\/05\/manolo_woman_mayo_3.jpg 745w, https:\/\/www.manologarciaycia.com\/wp-content\/uploads\/2013\/05\/manolo_woman_mayo_3-218x300.jpg 218w\" sizes=\"auto, (max-width: 447px) 100vw, 447px\" \/><\/p>\n<p><span style=\"text-decoration: underline;\"><b>Fabricar una realidad<\/b><\/span><\/p>\n<p><b>\u00abQui\u00e9n canta su mal espanta\u00bb, dec\u00edas. \u00bfPara qu\u00e9 pintas? <\/b><br \/>\nEs una forma de plasmar sue\u00f1os, de alejar fantasmas, de fabricar mundos propios. En este caso, de colores, formas, v\u00f3lumenes; en el de la m\u00fasica, de sonidos. No se trata de huir de la realidad, sino de fabricarte la tuya.<\/p>\n<p><b>Eres muy cr\u00edtico y comprometido, \u00bfes tambi\u00e9n una forma de lucha? <\/b><br \/>\nS\u00ed, seguro. Asistimos a una vor\u00e1gine que hace que nuestros d\u00edas, a veces, sean grises, tediosos. Intento rebelarme contra esa forma de alienaci\u00f3n, esclavitud, crispaci\u00f3n y consumismo que intentan imponernos, y que crea mucha insatisfacci\u00f3n. Por eso pinto, para defenderme de ese bombardeo.<\/p>\n<p><b>\u00bfQu\u00e9 podemos hacer los dem\u00e1s? <\/b><br \/>\nCuidar las relaciones sociales, porque cada vez estamos m\u00e1s lejos del ser humano; y protestar, alzar la voz. Y buscar el silencio, que ayuda a ser individuo. A m\u00ed me gusta estar solo conmigo mismo, pensar, leer&#8230; Lo \u00fanico que te puede dar cierta paz es el esp\u00edritu. Mi consejo es que busques una parcela de creatividad para luchar contra todo eso. Hay que huir del fragor de la ciudad; en realidad, lo \u00fanico que necesitamos todos es un poquito de sol.<\/p>\n<p>&nbsp;<\/p>\n<p>&nbsp;<\/p>\n<p><b>\u00bfTe asusta enfrentarte\u00a0<\/b><b>a un papel o a un lienzo en blanco?<\/b><\/p>\n<p><em id=\"__mceDel\"> Me divierte tanto que me tiro de cabeza, no me angustia nada. No quiero sonar pretencioso, pero lo que yo quer\u00eda, tirar adelante una historia musical, ya lo he obtenido con creces. Es un oficio en el que sigo sintiendo curiosidad, pero no tengo una ambici\u00f3n desmesurada, s\u00f3lo quiero vivir, comer, ser feliz&#8230; Eso te tranquiliza mucho. Quien menos quiere, menos sufre.<\/em><\/p>\n<p><b>\u00bfCumplir todos los sue\u00f1os deja una sensaci\u00f3n de vac\u00edo? <\/b><br \/>\nNo, al rev\u00e9s, yo siempre tengo nuevos. A\u00fan me queda mucho por aprender en la pintura, en la m\u00fasica, en la vida&#8230; Se trata de ir dosificando las cosas.<\/p>\n<p><b>\u00bfQu\u00e9 nos revela m\u00e1s cosas secretas de ti, una canci\u00f3n o un cuadro? <\/b><br \/>\nHay m\u00e1s pistas en una canci\u00f3n, aun- que no cuento cosas m\u00edas, tengo mucho pudor. Callejear y observar a las personas es mi fuente de inspiraci\u00f3n.<\/p>\n<p><b>Tus discos en solitario son m\u00e1s mel\u00e1ncolicos, mientras que tu obra pict\u00f3rica es vital y colorista&#8230; \u00bfEs una contradicci\u00f3n l\u00f3gica? <\/b><br \/>\nEs una ambivalencia. Todos tenemos muchas caras, muchos rincones ocultos que sacamos como y cuando podemos. Intentas comportarte de una manera u otra seg\u00fan a quien tienes delante, mostrar tu lado m\u00e1s amable y accesible para facilitar el acercamiento, para abrirte un poco.<\/p>\n<p><img loading=\"lazy\" decoding=\"async\" class=\"aligncenter size-full wp-image-6603\" alt=\"manolo_woman_mayo_4\" src=\"http:\/\/www.manologarciaycia.com\/wp-content\/uploads\/2013\/05\/manolo_woman_mayo_4.jpg\" width=\"746\" height=\"1024\" srcset=\"https:\/\/www.manologarciaycia.com\/wp-content\/uploads\/2013\/05\/manolo_woman_mayo_4.jpg 746w, https:\/\/www.manologarciaycia.com\/wp-content\/uploads\/2013\/05\/manolo_woman_mayo_4-218x300.jpg 218w\" sizes=\"auto, (max-width: 746px) 100vw, 746px\" \/><\/p>\n<p><b>En \u201cL\u00e1piz y tinta\u201d (\u201cAstronom\u00eda razonable\u201d, 1993) anunciabas que \u00ablos d\u00edas se van; ahora quiero pintar\u00bb. \u00bfEra nostalgia por un tiempo que a\u00fan no hab\u00eda llegado o un anuncio de lo que vendr\u00eda? <\/b><br \/>\nDespu\u00e9s de a\u00f1os de carrera musical y giras, sent\u00eda la necesidad de una etapa m\u00e1s tranquila. Aunque me interesa m\u00e1s la vida n\u00f3mada que la sedentaria. Tengo ganas de estar vivo, de sentirme parte de toda esta gran noria.<\/p>\n<p>Fuente: Woman &#8211; Myriam Serrano<\/p>\n","protected":false},"excerpt":{"rendered":"<p>Sigue siendo un chico de barrio. Naci\u00f3 y vive en Poblenou, escenario de la Barcelona multicultural que vendi\u00f3 el F\u00f3rum. \u00abSe han cargado toda la arquitectura industrial de principios de siglo, no han respetado nada\u00bb, denuncia Garc\u00eda. En su discurso siempre aflora un punto de cabreo que \u00e9l se toma como una obligaci\u00f3n: \u00abSoy un<a class=\"moretag\" href=\"https:\/\/www.manologarciaycia.com\/?p=6600\" title=\"MG: Manolo Garc\u00eda, pintar la m\u00fasica (Woman, mayo 2006)\" target=\"_self\" rel=\"follow\"> <font face=arial size=2>[Leer m\u00e1s]<\/font> <\/a><\/p>\n","protected":false},"author":2,"featured_media":0,"comment_status":"closed","ping_status":"closed","sticky":false,"template":"","format":"standard","meta":{"footnotes":""},"categories":[1],"tags":[],"class_list":["post-6600","post","type-post","status-publish","format-standard","hentry","category-manolo-garcia"],"_links":{"self":[{"href":"https:\/\/www.manologarciaycia.com\/index.php?rest_route=\/wp\/v2\/posts\/6600","targetHints":{"allow":["GET"]}}],"collection":[{"href":"https:\/\/www.manologarciaycia.com\/index.php?rest_route=\/wp\/v2\/posts"}],"about":[{"href":"https:\/\/www.manologarciaycia.com\/index.php?rest_route=\/wp\/v2\/types\/post"}],"author":[{"embeddable":true,"href":"https:\/\/www.manologarciaycia.com\/index.php?rest_route=\/wp\/v2\/users\/2"}],"replies":[{"embeddable":true,"href":"https:\/\/www.manologarciaycia.com\/index.php?rest_route=%2Fwp%2Fv2%2Fcomments&post=6600"}],"version-history":[{"count":3,"href":"https:\/\/www.manologarciaycia.com\/index.php?rest_route=\/wp\/v2\/posts\/6600\/revisions"}],"predecessor-version":[{"id":7017,"href":"https:\/\/www.manologarciaycia.com\/index.php?rest_route=\/wp\/v2\/posts\/6600\/revisions\/7017"}],"wp:attachment":[{"href":"https:\/\/www.manologarciaycia.com\/index.php?rest_route=%2Fwp%2Fv2%2Fmedia&parent=6600"}],"wp:term":[{"taxonomy":"category","embeddable":true,"href":"https:\/\/www.manologarciaycia.com\/index.php?rest_route=%2Fwp%2Fv2%2Fcategories&post=6600"},{"taxonomy":"post_tag","embeddable":true,"href":"https:\/\/www.manologarciaycia.com\/index.php?rest_route=%2Fwp%2Fv2%2Ftags&post=6600"}],"curies":[{"name":"wp","href":"https:\/\/api.w.org\/{rel}","templated":true}]}}