{"id":660,"date":"2010-07-16T09:40:11","date_gmt":"2010-07-16T08:40:11","guid":{"rendered":"http:\/\/petaos.net\/?p=660"},"modified":"2010-07-16T09:41:31","modified_gmt":"2010-07-16T08:41:31","slug":"carmen-teloneros-de-celtas-cortos-en-badajoz","status":"publish","type":"post","link":"https:\/\/www.manologarciaycia.com\/?p=660","title":{"rendered":"Carmen: Teloneros de Celtas Cortos en Badajoz"},"content":{"rendered":"<p>El grupo Celtas Cortos actuar\u00e1 en la Feria de Septiembre &#8211; 15-07-2010 \/ 18:40 h<\/p>\n<p>Don Benito (Badajoz), 15 jul (EFE).- El grupo Celtas Cortos ofrecer\u00e1 el s\u00e1bado 11 de septiembre, en el Recinto Arena Las Cumbres, el concierto central de la Feria de Don Benito.<\/p>\n<p><strong>El acceso al espect\u00e1culo ser\u00e1 gratuito y como telonera actuar\u00e1 la cantante Carmen Garc\u00eda, hermana del ex componente de El \u00daltimo de la Fila Manolo Garc\u00eda.<\/strong><\/p>\n<p>Fuente: Aviso de Noelia (thnx wapetona!) ABC &#8211; <a href=\"http:\/\/www.abc.es\/agencias\/noticia.asp?noticia=455082\" target=\"_blank\">ENLACE<\/a><br \/>\nDespu\u00e9s de que hayan pisado la Feria de Don Benito en los \u00faltimos a\u00f1os grupos como El Canto del Loco, Estopa, Melendi o La Oreja de Van Gogh, la Concejal\u00eda de Festejos opta esta vez por un grupo m\u00edtico del panorama musical espa\u00f1ol y abre de forma gratuita las puertas, a diferencia de los conciertos precedentes.<\/p>\n<p>Adem\u00e1s de Celtas Cortos y Carmen Garc\u00eda, la Concejal\u00eda de Festejos prepara para esa noche una \u00abFiesta Remember\u00bb en colaboraci\u00f3n de Carpalob y Doble A, empresas promotoras del espect\u00e1culo.<\/p>\n<p>Este concierto se encuadra en el programa de la Feria de Septiembre, que reduce su presupuesto de los 150.000 euros del pasado a\u00f1o a los 120.000 de esta edici\u00f3n.<\/p>\n<p>Esta feria, que se celebrar\u00e1 del 7 al 12 de septiembre, contar\u00e1 el d\u00eda 8 con el espect\u00e1culo infantil &#8216;Cantajuego&#8217;, tambi\u00e9n promovido por Carpalob y Doble A, con un precio de 16 euros la entrada.<\/p>\n<p>Asimismo, el d\u00eda 9 se celebrar\u00e1 el XXVI Festival Flamenco; una prueba del Campeonato de Espa\u00f1a de MotoCross, fuera de los d\u00edas de feria, se disputar\u00e1 el 5 de septiembre.<\/p>\n<p>Este a\u00f1o no habr\u00e1 festejos taurinos a la espera de la construcci\u00f3n de la plaza de toros fija, cuyas obras se han reanudado recientemente.<\/p>\n","protected":false},"excerpt":{"rendered":"<p>El grupo Celtas Cortos actuar\u00e1 en la Feria de Septiembre &#8211; 15-07-2010 \/ 18:40 h Don Benito (Badajoz), 15 jul (EFE).- El grupo Celtas Cortos ofrecer\u00e1 el s\u00e1bado 11 de septiembre, en el Recinto Arena Las Cumbres, el concierto central de la Feria de Don Benito. El acceso al espect\u00e1culo ser\u00e1 gratuito y como telonera<a class=\"moretag\" href=\"https:\/\/www.manologarciaycia.com\/?p=660\" title=\"Carmen: Teloneros de Celtas Cortos en Badajoz\" target=\"_self\" rel=\"follow\"> <font face=arial size=2>[Leer m\u00e1s]<\/font> <\/a><\/p>\n","protected":false},"author":2,"featured_media":0,"comment_status":"closed","ping_status":"closed","sticky":false,"template":"","format":"standard","meta":{"footnotes":""},"categories":[24,23],"tags":[112],"class_list":["post-660","post","type-post","status-publish","format-standard","hentry","category-carmen-garcia","category-otros","tag-carmen-garcia-concierto-badajoz-celtas-cortos"],"_links":{"self":[{"href":"https:\/\/www.manologarciaycia.com\/index.php?rest_route=\/wp\/v2\/posts\/660","targetHints":{"allow":["GET"]}}],"collection":[{"href":"https:\/\/www.manologarciaycia.com\/index.php?rest_route=\/wp\/v2\/posts"}],"about":[{"href":"https:\/\/www.manologarciaycia.com\/index.php?rest_route=\/wp\/v2\/types\/post"}],"author":[{"embeddable":true,"href":"https:\/\/www.manologarciaycia.com\/index.php?rest_route=\/wp\/v2\/users\/2"}],"replies":[{"embeddable":true,"href":"https:\/\/www.manologarciaycia.com\/index.php?rest_route=%2Fwp%2Fv2%2Fcomments&post=660"}],"version-history":[{"count":3,"href":"https:\/\/www.manologarciaycia.com\/index.php?rest_route=\/wp\/v2\/posts\/660\/revisions"}],"predecessor-version":[{"id":663,"href":"https:\/\/www.manologarciaycia.com\/index.php?rest_route=\/wp\/v2\/posts\/660\/revisions\/663"}],"wp:attachment":[{"href":"https:\/\/www.manologarciaycia.com\/index.php?rest_route=%2Fwp%2Fv2%2Fmedia&parent=660"}],"wp:term":[{"taxonomy":"category","embeddable":true,"href":"https:\/\/www.manologarciaycia.com\/index.php?rest_route=%2Fwp%2Fv2%2Fcategories&post=660"},{"taxonomy":"post_tag","embeddable":true,"href":"https:\/\/www.manologarciaycia.com\/index.php?rest_route=%2Fwp%2Fv2%2Ftags&post=660"}],"curies":[{"name":"wp","href":"https:\/\/api.w.org\/{rel}","templated":true}]}}