{"id":6593,"date":"1991-12-20T08:36:22","date_gmt":"1991-12-20T07:36:22","guid":{"rendered":"http:\/\/www.manologarciaycia.com\/?p=6593"},"modified":"2013-07-17T10:42:53","modified_gmt":"2013-07-17T08:42:53","slug":"eudlf-el-ultimo-de-la-fila-vive-una-de-sus-grandes-noches-en-el-mitico-marquee-londinense","status":"publish","type":"post","link":"https:\/\/www.manologarciaycia.com\/?p=6593","title":{"rendered":"EUDLF: El \u00daltimo de la Fila vive una de sus grandes noches en el m\u00edtico Marquee londinense"},"content":{"rendered":"<p><img loading=\"lazy\" decoding=\"async\" class=\"aligncenter size-full wp-image-6594\" alt=\"EUDLF_Marquee_19911220\" src=\"http:\/\/www.manologarciaycia.com\/wp-content\/uploads\/2013\/05\/EUDLF_Marquee_19911220.jpg\" width=\"923\" height=\"685\" srcset=\"https:\/\/www.manologarciaycia.com\/wp-content\/uploads\/2013\/05\/EUDLF_Marquee_19911220.jpg 923w, https:\/\/www.manologarciaycia.com\/wp-content\/uploads\/2013\/05\/EUDLF_Marquee_19911220-300x222.jpg 300w\" sizes=\"auto, (max-width: 923px) 100vw, 923px\" \/><br \/>\nManolo Garc\u00eda y Quimi Portet culminaron el mi\u00e9rcoles, en la hist\u00f3rica sala de conciertos donde se dieron a conocer m\u00fasicos como los Rolling Stones, una exitosa gira por Europa.<\/p>\n<p>LONDRES. &#8211; En el n\u00famero 105 de la londinense Charing Cross Road tuvo lugar en la noche del pasado mi\u00e9rcoles la presentaci\u00f3n en la cuna del rock del grupo espa\u00f1ol El \u00daltimo de la Fila. Un estreno de caracter\u00edsticas excepcionales dado que se produc\u00eda en uno de aquellos lugares que todo m\u00fasico de poprock anhela pisar al menos una vez en la vida, el Marquee. Durante m\u00e1s de una hora y media el d\u00fao Manolo Garc\u00eda-Quimi Portet realiz\u00f3, en palabras suyas, un espl\u00e9ndido repaso \u00aba las canciones que ahora mismo nos gustan m\u00e1s, porque no nos encontramos mediatizados por nada ni por nadie\u00bb. Y las canciones que m\u00e1s les gustan, pues, parecen ser tambi\u00e9n las que m\u00e1s gustan a sus innumerables y f\u00edeles seguidores, a tenor de la apote\u00f3sica reacci\u00f3n del p\u00fablico asistente a este debut. Cortes de sus anteriores elep\u00e9s -\u00abEnemigos de lo ajeno\u00bb, \u00abCuando la pobreza entra por la puerta, el amor salta por la ventana\u00bb&#8230;-, as\u00ed como de su \u00abNuevo peque\u00f1o cat\u00e1logo de seres y estares\u00bb fueron desarrollados ante una audiencia mayoritariamente hispana, que core\u00f3 ininterrumpidamente las palabras que surg\u00edan de un plet\u00f3rico Manolo Garc\u00eda. El grupo espa\u00f1ol -presentado en una octavilla del Marquee como \u00abSpain&#8217;s premier rock\/pop band\u00bb- culminaba de esta manera una gira europea que le ha llevado durante medio mes a visitar Winthertur, Mil\u00e1n, Par\u00eds, Colonia y Hamburgo. Una gira en la que, seg\u00fan Quimi Portet, \u00abhemos querido poner en pr\u00e1ctica una cosa que nos parece clara: la \u00fanica manera real de que un grupo espa\u00f1ol sea conocido en Europa es ir ah\u00ed y tocar, aunque sea en auditorios reducidos\u00bb.<\/p>\n<p>Manolo Garc\u00eda corroboraba: \u00abLo \u00fanico de verdad que queremos y sabemos hacer es interpretar nuestra m\u00fasica. Somos un grupo agrio que no sabe ni quiere ir de la mano de nadie\u00bb. Tras sus \u00faltimas, exitosas y multitudinarias giras por Espa\u00f1a, en las que parec\u00eda que ya no ten\u00edan que demostrar nada, da la.sensaci\u00f3n de que el grupo se ha replanteado una especie de vuelta a los or\u00edgenes. \u00abHay algo de cura de humildad en lo que estamos haciendo ahora -confiesa Manolo Garc\u00eda-. Es una sensaci\u00f3n indudable el cosquilleo que<br \/>\nsiento ahora cuando voy a salir a escena y no s\u00e9 cu\u00e1l ser\u00e1 la reacci\u00f3n del p\u00fablico\u00bb. Una vuelta a la madre del cordero que se plasma sobremanera en la m\u00fasica, mucho m\u00e1s esencializada, m\u00e1s contundente incluso, fiel reflejo tambi\u00e9n de la profunda remodelaci\u00f3n que ha sufrido la composici\u00f3n de la banda. Las notables ausencias de \u00c1ngel Celada y Marc Grau por razones diversas -tambi\u00e9n habr\u00eda que anotar la del guitarrista Ca\u00f1izares- han supuesto, por una parte, una recomposici\u00f3n instrumental de El \u00daltimo, con la nota m\u00e1s visible en el destacado protagonismo de la guitarra de Quimi Portet y, por la otra, las incorporaciones de un teclista, un bater\u00eda y un guitarrista, am\u00e9n de la presencia de un percusionista africano. Hay que destacar tambi\u00e9n que el ensamblaje de todas esas novedades no ha llegado todav\u00eda a su punto final, como qued\u00f3 contrastado la otra noche en el Marquee. Una noche que alcanz\u00f3 sus cotas m\u00e1s emocionantes cuando la mediterraneidad y el sabor espa\u00f1ol de la m\u00fasica de Garc\u00ed\u00e1-Portet sali\u00f3 a relucir con todo su esplendor ante el constatado delirio de un p\u00fablico que hizo suyas \u00abQuerida Milagros\u00bb, \u00abSara\u00bb o \u00abJazm\u00edn\u00bb, y se divirti\u00f3 con la sorpresiva interpretaci\u00f3n de \u00abEl rey\u00bb, deL mexicano Pedro Vargas, la broma de una de las noches m\u00e1s imborrables de El \u00daltimo de la Fila.<\/p>\n<p>La duda de que los ingleses sepan ya qui\u00e9nes responden por este nombre a\u00fan est\u00e1 en el aire -adem\u00e1s, ninguno de sus discos se ha editado en Gran Breta\u00f1a-, pero no as\u00ed la certeza de que una de las formaciones indispensables del rock espa\u00f1ol ha dado un paso hacia delante al mirar hacia atr\u00e1s.<\/p>\n<p>Fuente: La Vanguardia &#8211; Esteban Lin\u00e9s &#8211; Kim Manresa<\/p>\n","protected":false},"excerpt":{"rendered":"<p>Manolo Garc\u00eda y Quimi Portet culminaron el mi\u00e9rcoles, en la hist\u00f3rica sala de conciertos donde se dieron a conocer m\u00fasicos como los Rolling Stones, una exitosa gira por Europa. LONDRES. &#8211; En el n\u00famero 105 de la londinense Charing Cross Road tuvo lugar en la noche del pasado mi\u00e9rcoles la presentaci\u00f3n en la cuna del<a class=\"moretag\" href=\"https:\/\/www.manologarciaycia.com\/?p=6593\" title=\"EUDLF: El \u00daltimo de la Fila vive una de sus grandes noches en el m\u00edtico Marquee londinense\" target=\"_self\" rel=\"follow\"> <font face=arial size=2>[Leer m\u00e1s]<\/font> <\/a><\/p>\n","protected":false},"author":2,"featured_media":0,"comment_status":"closed","ping_status":"closed","sticky":false,"template":"","format":"standard","meta":{"footnotes":""},"categories":[3,1,9],"tags":[],"class_list":["post-6593","post","type-post","status-publish","format-standard","hentry","category-el-ultimo-de-la-fila","category-manolo-garcia","category-qumi-portet"],"_links":{"self":[{"href":"https:\/\/www.manologarciaycia.com\/index.php?rest_route=\/wp\/v2\/posts\/6593","targetHints":{"allow":["GET"]}}],"collection":[{"href":"https:\/\/www.manologarciaycia.com\/index.php?rest_route=\/wp\/v2\/posts"}],"about":[{"href":"https:\/\/www.manologarciaycia.com\/index.php?rest_route=\/wp\/v2\/types\/post"}],"author":[{"embeddable":true,"href":"https:\/\/www.manologarciaycia.com\/index.php?rest_route=\/wp\/v2\/users\/2"}],"replies":[{"embeddable":true,"href":"https:\/\/www.manologarciaycia.com\/index.php?rest_route=%2Fwp%2Fv2%2Fcomments&post=6593"}],"version-history":[{"count":6,"href":"https:\/\/www.manologarciaycia.com\/index.php?rest_route=\/wp\/v2\/posts\/6593\/revisions"}],"predecessor-version":[{"id":7019,"href":"https:\/\/www.manologarciaycia.com\/index.php?rest_route=\/wp\/v2\/posts\/6593\/revisions\/7019"}],"wp:attachment":[{"href":"https:\/\/www.manologarciaycia.com\/index.php?rest_route=%2Fwp%2Fv2%2Fmedia&parent=6593"}],"wp:term":[{"taxonomy":"category","embeddable":true,"href":"https:\/\/www.manologarciaycia.com\/index.php?rest_route=%2Fwp%2Fv2%2Fcategories&post=6593"},{"taxonomy":"post_tag","embeddable":true,"href":"https:\/\/www.manologarciaycia.com\/index.php?rest_route=%2Fwp%2Fv2%2Ftags&post=6593"}],"curies":[{"name":"wp","href":"https:\/\/api.w.org\/{rel}","templated":true}]}}