{"id":657,"date":"2010-06-30T06:44:11","date_gmt":"2010-06-30T05:44:11","guid":{"rendered":"http:\/\/petaos.net\/?p=657"},"modified":"2010-06-30T06:44:11","modified_gmt":"2010-06-30T05:44:11","slug":"francisco-garcia-habla-de-su-colaboracion-en-nuevo-disco-de-manolo-garcia","status":"publish","type":"post","link":"https:\/\/www.manologarciaycia.com\/?p=657","title":{"rendered":"Francisco Garc\u00eda habla de su colaboraci\u00f3n en nuevo disco de Manolo Garc\u00eda"},"content":{"rendered":"<p><img loading=\"lazy\" decoding=\"async\" class=\"alignright\" src=\"http:\/\/www.cieza.es\/portal\/RecursosWeb\/IMAGENES\/1\/0_2119_1.jpg\" alt=\"\" width=\"420\" height=\"398\" \/>Fue el cantante barcelon\u00e9s quien anim\u00f3 al m\u00fasico y compositor ciezano para que se atreviera a colaborar en su pr\u00f3ximo trabajo. Sus palabras no cayeron en saco roto, puesto que al director de la Banda de la Escuela Municipal de M\u00fasica le une una gran amistad con el ex componente de El \u00daltimo de la Fila. Sin prisa pero sin pausa, Manolo Garc\u00eda trabaja en su quinto disco en solitario que podr\u00eda estar listo el a\u00f1o que viene.<\/p>\n<p>\u00abHa contado con el mejor trompetista de la parte del Puente de Hierro al de Alambre\u00bb, bromea Francisco Garc\u00eda Alc\u00e1zar cuando recuerda en Radio Cieza Emisora Municipal c\u00f3mo ha sido la experiencia vivida en el estudio de grabaci\u00f3n. De aquellas sesiones de trabajo no quedan tan s\u00f3lo recuerdos pues se ha traducido en dos canciones. Una grabaci\u00f3n de la que se muestra muy satisfecho, \u00abporque he grabado en varias pistas con la misma trompeta y distinto sonido. Ha sido un apoyo de tipo arm\u00f3nico, mel\u00f3dico y r\u00edtmico\u00bb. Garc\u00eda Alc\u00e1zar aplaude el acierto de su colega: \u00abMe parece una fusi\u00f3n muy buena\u00bb, asegura.<\/p>\n<p>Garc\u00eda Alc\u00e1zar es un torrente de an\u00e9cdotas y divertid\u00edsimos episodios vividos junto con el cantante barcelon\u00e9s durante el servicio militar. Perfeccionista como pocos, cuaj\u00f3 una excelente relaci\u00f3n profesional con Manolo Garc\u00eda compartiendo escenario. De esa etapa guarda recuerdos imborrables. \u00abEl reencuentro con \u00e9l ha sido como desempolvar una vieja amistad. Tenemos much\u00edsima conexi\u00f3n y eso se ha notado en el trabajo realizado en Figueras\u00bb.<\/p>\n<p>Feliz en este momento de su vida, el m\u00fasico ciezano, sin embargo, se remueve de tristeza al comprobar c\u00f3mo puede llegar a ser un m\u00fasico tan respetado y vilipendiado por igual. Entre bromas, asegura que le da igual \u00ablo que las voces cr\u00edticas digan de m\u00ed\u00bb.<\/p>\n<p>Fuente: Ayuntamiento de Cieza &#8211; Aviso de Fran_G (Gracias!) &#8211; <a href=\"http:\/\/www.cieza.es\/portal\/p_129_final_Contenedor9.jsp?seccion=s_fnot_d4_v1.jsp&amp;contenido=4103&amp;tipo=8&amp;nivel=1400&amp;layout=p_129_final_Contenedor9.jsp\" target=\"_blank\">ENLACE<\/a><\/p>\n","protected":false},"excerpt":{"rendered":"<p>Fue el cantante barcelon\u00e9s quien anim\u00f3 al m\u00fasico y compositor ciezano para que se atreviera a colaborar en su pr\u00f3ximo trabajo. Sus palabras no cayeron en saco roto, puesto que al director de la Banda de la Escuela Municipal de M\u00fasica le une una gran amistad con el ex componente de El \u00daltimo de la<a class=\"moretag\" href=\"https:\/\/www.manologarciaycia.com\/?p=657\" title=\"Francisco Garc\u00eda habla de su colaboraci\u00f3n en nuevo disco de Manolo Garc\u00eda\" target=\"_self\" rel=\"follow\"> <font face=arial size=2>[Leer m\u00e1s]<\/font> <\/a><\/p>\n","protected":false},"author":2,"featured_media":0,"comment_status":"closed","ping_status":"closed","sticky":false,"template":"","format":"standard","meta":{"footnotes":""},"categories":[1],"tags":[111],"class_list":["post-657","post","type-post","status-publish","format-standard","hentry","category-manolo-garcia","tag-manolo-garcia-nuevo-disco-2011-trompeta-francisco"],"_links":{"self":[{"href":"https:\/\/www.manologarciaycia.com\/index.php?rest_route=\/wp\/v2\/posts\/657","targetHints":{"allow":["GET"]}}],"collection":[{"href":"https:\/\/www.manologarciaycia.com\/index.php?rest_route=\/wp\/v2\/posts"}],"about":[{"href":"https:\/\/www.manologarciaycia.com\/index.php?rest_route=\/wp\/v2\/types\/post"}],"author":[{"embeddable":true,"href":"https:\/\/www.manologarciaycia.com\/index.php?rest_route=\/wp\/v2\/users\/2"}],"replies":[{"embeddable":true,"href":"https:\/\/www.manologarciaycia.com\/index.php?rest_route=%2Fwp%2Fv2%2Fcomments&post=657"}],"version-history":[{"count":2,"href":"https:\/\/www.manologarciaycia.com\/index.php?rest_route=\/wp\/v2\/posts\/657\/revisions"}],"predecessor-version":[{"id":659,"href":"https:\/\/www.manologarciaycia.com\/index.php?rest_route=\/wp\/v2\/posts\/657\/revisions\/659"}],"wp:attachment":[{"href":"https:\/\/www.manologarciaycia.com\/index.php?rest_route=%2Fwp%2Fv2%2Fmedia&parent=657"}],"wp:term":[{"taxonomy":"category","embeddable":true,"href":"https:\/\/www.manologarciaycia.com\/index.php?rest_route=%2Fwp%2Fv2%2Fcategories&post=657"},{"taxonomy":"post_tag","embeddable":true,"href":"https:\/\/www.manologarciaycia.com\/index.php?rest_route=%2Fwp%2Fv2%2Ftags&post=657"}],"curies":[{"name":"wp","href":"https:\/\/api.w.org\/{rel}","templated":true}]}}