{"id":655,"date":"2010-06-21T08:08:28","date_gmt":"2010-06-21T07:08:28","guid":{"rendered":"http:\/\/petaos.net\/?p=655"},"modified":"2010-06-21T08:08:28","modified_gmt":"2010-06-21T07:08:28","slug":"manolo-garcia-colaboracion-con-ojos-de-brujo-mestizos-de-ida-y-vuelta","status":"publish","type":"post","link":"https:\/\/www.manologarciaycia.com\/?p=655","title":{"rendered":"Manolo Garc\u00eda: Colaboraci\u00f3n con Ojos de Brujo &#8211; Mestizos de Ida y Vuelta"},"content":{"rendered":"<p>El regreso de O&#8217;funk&#8217;illo, la despedida de elbicho y la versi\u00f3n m\u00e1s electr\u00f3nica de los flamencos Ojos de Brujo protagonizan un concierto en Sevilla.<\/p>\n<p>Ojos de Brujo celebrar\u00e1 una d\u00e9cada en 2011 y vuelven al estudio de grabaci\u00f3n tras cuatro \u00e1lbumes. \u00abPero no ser\u00e1 un refrito\u00bb, advierte desde Barcelona la cantante Marina Abad. Habr\u00e1 temas nuevos, \u00abm\u00e1s electr\u00f3nicos\u00bb, y en otros colaborar\u00e1n Manolo Garc\u00eda, Estopa o Asian Dub Foundation. A diferencia de elbicho, Marina ha delegado todo lo que no es m\u00fasica en Warner, su discogr\u00e1fica. \u00abPorque hubo un momento en el que se iba a acabar el grupo\u00bb.<\/p>\n<p>Fuente: El Pais &#8211; <a href=\"http:\/\/www.elpais.com\/articulo\/andalucia\/Mestizos\/ida\/vuelta\/elpepiespand\/20100618elpand_12\/Tes\" target=\"_blank\">ENLACE<\/a> &#8211; <\/p>\n<p>Los de elbicho se marchan porque est\u00e1n cansados de hacer lo mismo, O&#8217;funk&#8217;illo vuelven porque se echan de menos y Ojos de Brujo se queda para celebrar su cumplea\u00f1os. Unos paran con la fusi\u00f3n arrabalera, otros retoman el cachondeo <em>funky <\/em>y los otros siguen con su muy libre versi\u00f3n del flamenco. Y eso es lo que traen las tres bandas esta noche, a partir de las 21.30, al primer concierto CreaSound Mestiza, en el auditorio Roc\u00edo Jurado de Sevilla.<\/p>\n<p>Tras 10 a\u00f1os y tres discos de rumba, rock y flamenco, \u00aba la marca <em>elbicho<\/em> le conviene descansar\u00bb. Carlos Tato, bajista, confiesa que se han aburrido \u00abde tocar, tocar y tocar siempre lo mismo\u00bb. En <em>Fin de Fiesta, <\/em>su gira de despedida, est\u00e1 reflexionando bastante. \u00abNos acabamos preocupando m\u00e1s por la industria musical que por crear: que si abogados, que si contratos&#8230; Parec\u00edamos una empresa\u00bb, recuerda desde C\u00e1diz por tel\u00e9fono.<\/p>\n<p>Dice que no ha habido roces entre esta \u00abpareja de ocho\u00bb. De hecho, tienen proyectos paralelos conjuntos. \u00abLo que queremos ahora es volver a hacer m\u00fasica sin complicaciones, como al principio, porque somos creadores\u00bb.<\/p>\n<p>La disoluci\u00f3n de O&#8217;funk&#8217;illo en 2006 si fue por un mosqueo grande. \u00abPero el nombre O&#8217;funk&#8217;illo es m\u00e1s grande que nosotros\u00bb, opina un sonriente Pepe Bao, uno de los bajistas m\u00e1s reconocidos del pa\u00eds. Andreas Lutz, l\u00edder de la banda que cre\u00f3 el <em>funky<\/em> andaluz <em>embrutes\u00edo<\/em>, se pone serio: \u00abQuer\u00edamos recuperar una m\u00fasica, un nombre y una amistad\u00bb.<\/p>\n<p>En esta gira est\u00e1n repitiendo los \u00e9xitos de siempre, \u00abporque es lo que la gente quiere\u00bb, dice el guitarrista Javier Valero. Van a grabar nuevo disco y mantienen la f\u00f3rmula: <em>funk<\/em>, metal y <em>reggae<\/em>. \u00abQueremos hacer temazos\u00bb.<\/p>\n","protected":false},"excerpt":{"rendered":"<p>El regreso de O&#8217;funk&#8217;illo, la despedida de elbicho y la versi\u00f3n m\u00e1s electr\u00f3nica de los flamencos Ojos de Brujo protagonizan un concierto en Sevilla. Ojos de Brujo celebrar\u00e1 una d\u00e9cada en 2011 y vuelven al estudio de grabaci\u00f3n tras cuatro \u00e1lbumes. \u00abPero no ser\u00e1 un refrito\u00bb, advierte desde Barcelona la cantante Marina Abad. Habr\u00e1 temas<a class=\"moretag\" href=\"https:\/\/www.manologarciaycia.com\/?p=655\" title=\"Manolo Garc\u00eda: Colaboraci\u00f3n con Ojos de Brujo &#8211; Mestizos de Ida y Vuelta\" target=\"_self\" rel=\"follow\"> <font face=arial size=2>[Leer m\u00e1s]<\/font> <\/a><\/p>\n","protected":false},"author":2,"featured_media":0,"comment_status":"closed","ping_status":"closed","sticky":false,"template":"","format":"standard","meta":{"footnotes":""},"categories":[1,23],"tags":[110],"class_list":["post-655","post","type-post","status-publish","format-standard","hentry","category-manolo-garcia","category-otros","tag-manolo-garcia-colaboracion-ojos-de-brujo"],"_links":{"self":[{"href":"https:\/\/www.manologarciaycia.com\/index.php?rest_route=\/wp\/v2\/posts\/655","targetHints":{"allow":["GET"]}}],"collection":[{"href":"https:\/\/www.manologarciaycia.com\/index.php?rest_route=\/wp\/v2\/posts"}],"about":[{"href":"https:\/\/www.manologarciaycia.com\/index.php?rest_route=\/wp\/v2\/types\/post"}],"author":[{"embeddable":true,"href":"https:\/\/www.manologarciaycia.com\/index.php?rest_route=\/wp\/v2\/users\/2"}],"replies":[{"embeddable":true,"href":"https:\/\/www.manologarciaycia.com\/index.php?rest_route=%2Fwp%2Fv2%2Fcomments&post=655"}],"version-history":[{"count":1,"href":"https:\/\/www.manologarciaycia.com\/index.php?rest_route=\/wp\/v2\/posts\/655\/revisions"}],"predecessor-version":[{"id":656,"href":"https:\/\/www.manologarciaycia.com\/index.php?rest_route=\/wp\/v2\/posts\/655\/revisions\/656"}],"wp:attachment":[{"href":"https:\/\/www.manologarciaycia.com\/index.php?rest_route=%2Fwp%2Fv2%2Fmedia&parent=655"}],"wp:term":[{"taxonomy":"category","embeddable":true,"href":"https:\/\/www.manologarciaycia.com\/index.php?rest_route=%2Fwp%2Fv2%2Fcategories&post=655"},{"taxonomy":"post_tag","embeddable":true,"href":"https:\/\/www.manologarciaycia.com\/index.php?rest_route=%2Fwp%2Fv2%2Ftags&post=655"}],"curies":[{"name":"wp","href":"https:\/\/api.w.org\/{rel}","templated":true}]}}